{"id":159,"date":"2023-12-07T14:58:58","date_gmt":"2023-12-07T14:58:58","guid":{"rendered":"https:\/\/mggrupo.com.br\/blog\/?p=159"},"modified":"2023-12-07T15:04:21","modified_gmt":"2023-12-07T15:04:21","slug":"linha-de-corte-longitudinal","status":"publish","type":"post","link":"https:\/\/www.mggrupo.com.br\/blog\/aco-para-industrias\/linha-de-corte-longitudinal\/","title":{"rendered":"Linha de corte longitudinal: Otimize sua produ\u00e7\u00e3o"},"content":{"rendered":"<span class=\"rt-reading-time\" style=\"display: block;\"><span class=\"rt-label rt-prefix\">Tempo de leitura:<\/span> <span class=\"rt-time\">4<\/span> <span class=\"rt-label rt-postfix\">minutos<\/span><\/span>\n<p>A linha de corte longitudinal \u00e9 um processo industrial fundamental na transforma\u00e7\u00e3o de bobinas de a\u00e7o em tiras de espessura menor e largura espec\u00edfica. Esse procedimento desempenha um papel essencial em diversas ind\u00fastrias, garantindo materiais de qualidade para uma variedade de aplica\u00e7\u00f5es.<\/p>\n\n\n\n<p>Para que voc\u00ea possa compreender a excel\u00eancia por tr\u00e1s deste recurso, neste artigo vamos explorar o que \u00e9 corte longitudinal, para que serve, suas aplica\u00e7\u00f5es e import\u00e2ncia.<\/p>\n\n\n\n<p>Al\u00e9m disso, apresentaremos a <a href=\"https:\/\/www.mggrupo.com.br\/empresa\">MG Grupo<\/a>, uma empresa com ampla experi\u00eancia no segmento de reciclagem de materiais ferrosos e na presta\u00e7\u00e3o de servi\u00e7os de linha de corte longitudinal.<\/p>\n\n\n\n<p>Acompanhe e saia daqui expert no assunto!<\/p>\n\n\n\n<div id=\"ez-toc-container\" class=\"ez-toc-v2_0_62 counter-hierarchy ez-toc-counter ez-toc-white ez-toc-container-direction\">\n<div class=\"ez-toc-title-container\">\n<p class=\"ez-toc-title \" >LISTA DE T&Oacute;PICOS<\/p>\n<span class=\"ez-toc-title-toggle\"><a href=\"#\" class=\"ez-toc-pull-right ez-toc-btn ez-toc-btn-xs ez-toc-btn-default ez-toc-toggle\" aria-label=\"Toggle Table of Content\"><span class=\"ez-toc-js-icon-con\"><span class=\"\"><span class=\"eztoc-hide\" style=\"display:none;\">Toggle<\/span><span class=\"ez-toc-icon-toggle-span\"><svg style=\"fill: #999;color:#999\" xmlns=\"http:\/\/www.w3.org\/2000\/svg\" class=\"list-377408\" width=\"20px\" height=\"20px\" viewBox=\"0 0 24 24\" fill=\"none\"><path d=\"M6 6H4v2h2V6zm14 0H8v2h12V6zM4 11h2v2H4v-2zm16 0H8v2h12v-2zM4 16h2v2H4v-2zm16 0H8v2h12v-2z\" fill=\"currentColor\"><\/path><\/svg><svg style=\"fill: #999;color:#999\" class=\"arrow-unsorted-368013\" xmlns=\"http:\/\/www.w3.org\/2000\/svg\" width=\"10px\" height=\"10px\" viewBox=\"0 0 24 24\" version=\"1.2\" baseProfile=\"tiny\"><path d=\"M18.2 9.3l-6.2-6.3-6.2 6.3c-.2.2-.3.4-.3.7s.1.5.3.7c.2.2.4.3.7.3h11c.3 0 .5-.1.7-.3.2-.2.3-.5.3-.7s-.1-.5-.3-.7zM5.8 14.7l6.2 6.3 6.2-6.3c.2-.2.3-.5.3-.7s-.1-.5-.3-.7c-.2-.2-.4-.3-.7-.3h-11c-.3 0-.5.1-.7.3-.2.2-.3.5-.3.7s.1.5.3.7z\"\/><\/svg><\/span><\/span><\/span><\/a><\/span><\/div>\n<nav><ul class='ez-toc-list ez-toc-list-level-1 ' ><li class='ez-toc-page-1 ez-toc-heading-level-2'><a class=\"ez-toc-link ez-toc-heading-1\" href=\"https:\/\/www.mggrupo.com.br\/blog\/aco-para-industrias\/linha-de-corte-longitudinal\/#O_que_e_corte_longitudinal\" title=\"O que \u00e9 corte longitudinal?\">O que \u00e9 corte longitudinal?<\/a><\/li><li class='ez-toc-page-1 ez-toc-heading-level-2'><a class=\"ez-toc-link ez-toc-heading-2\" href=\"https:\/\/www.mggrupo.com.br\/blog\/aco-para-industrias\/linha-de-corte-longitudinal\/#Para_que_serve_a_linha_de_corte_longitudinal\" title=\"Para que serve a linha de corte longitudinal?\">Para que serve a linha de corte longitudinal?<\/a><\/li><li class='ez-toc-page-1 ez-toc-heading-level-2'><a class=\"ez-toc-link ez-toc-heading-3\" href=\"https:\/\/www.mggrupo.com.br\/blog\/aco-para-industrias\/linha-de-corte-longitudinal\/#Confira_as_aplicacoes_da_linha_de_corte_longitudinal\" title=\"Confira as aplica\u00e7\u00f5es da linha de corte longitudinal\">Confira as aplica\u00e7\u00f5es da linha de corte longitudinal<\/a><ul class='ez-toc-list-level-3' ><li class='ez-toc-heading-level-3'><a class=\"ez-toc-link ez-toc-heading-4\" href=\"https:\/\/www.mggrupo.com.br\/blog\/aco-para-industrias\/linha-de-corte-longitudinal\/#Industria_automobilistica\" title=\"Ind\u00fastria automobil\u00edstica:\">Ind\u00fastria automobil\u00edstica:<\/a><\/li><li class='ez-toc-page-1 ez-toc-heading-level-3'><a class=\"ez-toc-link ez-toc-heading-5\" href=\"https:\/\/www.mggrupo.com.br\/blog\/aco-para-industrias\/linha-de-corte-longitudinal\/#Industria_da_construcao_civil\" title=\"Ind\u00fastria da constru\u00e7\u00e3o civil:\">Ind\u00fastria da constru\u00e7\u00e3o civil:<\/a><\/li><li class='ez-toc-page-1 ez-toc-heading-level-3'><a class=\"ez-toc-link ez-toc-heading-6\" href=\"https:\/\/www.mggrupo.com.br\/blog\/aco-para-industrias\/linha-de-corte-longitudinal\/#Industria_de_embalagens\" title=\"Ind\u00fastria de embalagens:\">Ind\u00fastria de embalagens:<\/a><\/li><li class='ez-toc-page-1 ez-toc-heading-level-3'><a class=\"ez-toc-link ez-toc-heading-7\" href=\"https:\/\/www.mggrupo.com.br\/blog\/aco-para-industrias\/linha-de-corte-longitudinal\/#Industria_siderurgica\" title=\"Ind\u00fastria sider\u00fargica:\">Ind\u00fastria sider\u00fargica:<\/a><\/li><\/ul><\/li><li class='ez-toc-page-1 ez-toc-heading-level-2'><a class=\"ez-toc-link ez-toc-heading-8\" href=\"https:\/\/www.mggrupo.com.br\/blog\/aco-para-industrias\/linha-de-corte-longitudinal\/#Por_que_optar_pela_linha_de_corte_longitudinal_Veja_a_IMPORTANCIA\" title=\"Por que optar pela linha de corte longitudinal? [Veja a IMPORT\u00c2NCIA]\">Por que optar pela linha de corte longitudinal? [Veja a IMPORT\u00c2NCIA]<\/a><\/li><li class='ez-toc-page-1 ez-toc-heading-level-2'><a class=\"ez-toc-link ez-toc-heading-9\" href=\"https:\/\/www.mggrupo.com.br\/blog\/aco-para-industrias\/linha-de-corte-longitudinal\/#Quer_usufruir_do_servico_de_linha_de_corte_longitudinal_em_SBC_Conheca_a_MG_Grupo\" title=\"Quer usufruir do servi\u00e7o de linha de corte longitudinal em SBC? Conhe\u00e7a a MG Grupo!\">Quer usufruir do servi\u00e7o de linha de corte longitudinal em SBC? Conhe\u00e7a a MG Grupo!<\/a><ul class='ez-toc-list-level-4' ><li class='ez-toc-heading-level-4'><ul class='ez-toc-list-level-4' ><li class='ez-toc-heading-level-4'><a class=\"ez-toc-link ez-toc-heading-10\" href=\"https:\/\/www.mggrupo.com.br\/blog\/aco-para-industrias\/linha-de-corte-longitudinal\/#Outros_conteudos_recomendados\" title=\"Outros conte\u00fados recomendados:\">Outros conte\u00fados recomendados:<\/a><\/li><\/ul><\/li><\/ul><\/li><\/ul><\/nav><\/div>\n<h2 class=\"wp-block-heading\"><span class=\"ez-toc-section\" id=\"O_que_e_corte_longitudinal\"><\/span>O que \u00e9 corte longitudinal?<span class=\"ez-toc-section-end\"><\/span><\/h2>\n\n\n\n<p>A linha de corte longitudinal <strong>\u00e9 um procedimento industrial que envolve o corte de bobinas de a\u00e7o em tiras mais estreitas<\/strong>, mantendo uma precis\u00e3o rigorosa em termos de espessura e largura.<\/p>\n\n\n\n<p>Essas bobinas de a\u00e7o, tamb\u00e9m conhecidas como bobinas-m\u00e3e, podem ter dimens\u00f5es consider\u00e1veis e s\u00e3o processadas para atender \u00e0s especifica\u00e7\u00f5es exatas de cada aplica\u00e7\u00e3o.<\/p>\n\n\n\n<h2 class=\"wp-block-heading\"><span class=\"ez-toc-section\" id=\"Para_que_serve_a_linha_de_corte_longitudinal\"><\/span>Para que serve a linha de corte longitudinal?<span class=\"ez-toc-section-end\"><\/span><\/h2>\n\n\n<div class=\"wp-block-image is-style-rounded\">\n<figure class=\"alignright size-full is-resized\"><img loading=\"lazy\" decoding=\"async\" width=\"400\" height=\"350\" src=\"https:\/\/mggrupo.com.br\/blog\/wp-content\/uploads\/2023\/12\/corte-longitudinal.webp\" alt=\"Linha de corte longitudinal\" class=\"wp-image-161\" style=\"width:197px;height:auto\"\/><\/figure>\n<\/div>\n\n\n<p>A principal finalidade desse processo \u00e9 a produ\u00e7\u00e3o de tiras de a\u00e7o com caracter\u00edsticas espec\u00edficas para uma ampla gama de ind\u00fastrias.<\/p>\n\n\n\n<p>A partir de bobinas-m\u00e3e de a\u00e7o, a linha de corte longitudinal pode produzir tiras de espessura variada e largura precisa, atendendo \u00e0s demandas de variados setores industriais.<\/p>\n\n\n\n<h2 class=\"wp-block-heading\"><span class=\"ez-toc-section\" id=\"Confira_as_aplicacoes_da_linha_de_corte_longitudinal\"><\/span>Confira as aplica\u00e7\u00f5es da linha de corte longitudinal<span class=\"ez-toc-section-end\"><\/span><\/h2>\n\n\n\n<p>A versatilidade das tiras de a\u00e7o produzidas pela linha de corte longitudinal permite diversas aplica\u00e7\u00f5es, como:<\/p>\n\n\n\n<h3 class=\"wp-block-heading\"><span class=\"ez-toc-section\" id=\"Industria_automobilistica\"><\/span>Ind\u00fastria automobil\u00edstica:<span class=\"ez-toc-section-end\"><\/span><\/h3>\n\n\n\n<p>As tiras de a\u00e7o s\u00e3o usadas na fabrica\u00e7\u00e3o de pe\u00e7as automotivas, como pain\u00e9is, chassis e componentes estruturais, devido \u00e0 sua alta resist\u00eancia e precis\u00e3o dimensional.<\/p>\n\n\n\n<h3 class=\"wp-block-heading\"><span class=\"ez-toc-section\" id=\"Industria_da_construcao_civil\"><\/span>Ind\u00fastria da constru\u00e7\u00e3o civil:<span class=\"ez-toc-section-end\"><\/span><\/h3>\n\n\n\n<p>S\u00e3o empregadas na fabrica\u00e7\u00e3o de perfis met\u00e1licos, tubos e estruturas met\u00e1licas, contribuindo para a robustez e durabilidade de constru\u00e7\u00f5es.<\/p>\n\n\n\n<h3 class=\"wp-block-heading\"><span class=\"ez-toc-section\" id=\"Industria_de_embalagens\"><\/span>Ind\u00fastria de embalagens:<span class=\"ez-toc-section-end\"><\/span><\/h3>\n\n\n\n<p>S\u00e3o utilizadas na produ\u00e7\u00e3o de latas de metal, tampas de garrafas e outros tipos de embalagens.<\/p>\n\n\n\n<h3 class=\"wp-block-heading\"><span class=\"ez-toc-section\" id=\"Industria_siderurgica\"><\/span>Ind\u00fastria sider\u00fargica:<span class=\"ez-toc-section-end\"><\/span><\/h3>\n\n\n\n<p>As tiras de a\u00e7o de alta qualidade s\u00e3o uma mat\u00e9ria-prima crucial na fabrica\u00e7\u00e3o de a\u00e7os especiais e outros produtos sider\u00fargicos.<\/p>\n\n\n<div class=\"wp-block-image\">\n<figure class=\"aligncenter size-full is-resized\"><a href=\"https:\/\/www.mggrupo.com.br\/servico\"><img loading=\"lazy\" decoding=\"async\" width=\"750\" height=\"200\" src=\"https:\/\/mggrupo.com.br\/blog\/wp-content\/uploads\/2023\/12\/cta-servicos.jpeg\" alt=\"\" class=\"wp-image-162\" style=\"width:574px;height:auto\"\/><\/a><\/figure>\n<\/div>\n\n\n<h2 class=\"wp-block-heading\"><span class=\"ez-toc-section\" id=\"Por_que_optar_pela_linha_de_corte_longitudinal_Veja_a_IMPORTANCIA\"><\/span>Por que optar pela linha de corte longitudinal? [Veja a IMPORT\u00c2NCIA]<span class=\"ez-toc-section-end\"><\/span><\/h2>\n\n\n\n<p>A linha de corte longitudinal desempenha um papel cr\u00edtico na cadeia de produ\u00e7\u00e3o, pois permite que as ind\u00fastrias tenham acesso a materiais sob medida para suas necessidades espec\u00edficas.<\/p>\n\n\n\n<p>A precis\u00e3o na espessura e na largura das tiras de a\u00e7o garante que os produtos finais atendam aos padr\u00f5es de qualidade e desempenho necess\u00e1rios.<\/p>\n\n\n\n<p>Al\u00e9m disso, a efici\u00eancia desse processo ajuda a reduzir o desperd\u00edcio de material, tornando-o <strong>economicamente vantajoso<\/strong>.<\/p>\n\n\n\n<h2 class=\"wp-block-heading\"><span class=\"ez-toc-section\" id=\"Quer_usufruir_do_servico_de_linha_de_corte_longitudinal_em_SBC_Conheca_a_MG_Grupo\"><\/span>Quer usufruir do servi\u00e7o de linha de corte longitudinal em SBC? Conhe\u00e7a a MG Grupo!<span class=\"ez-toc-section-end\"><\/span><\/h2>\n\n\n<div class=\"wp-block-image\">\n<figure class=\"aligncenter size-full is-resized\"><img loading=\"lazy\" decoding=\"async\" width=\"740\" height=\"493\" src=\"https:\/\/mggrupo.com.br\/blog\/wp-content\/uploads\/2023\/12\/aco-4-1.jpg\" alt=\"linha de corte longitudinal\" class=\"wp-image-163\" style=\"width:314px;height:auto\"\/><\/figure>\n<\/div>\n\n\n<p>A <a href=\"https:\/\/www.mggrupo.com.br\/empresa\">MG Grupo<\/a> \u00e9 uma empresa com mais de 50 anos de experi\u00eancia no mercado de reciclagem de materiais ferrosos e na presta\u00e7\u00e3o de servi\u00e7os de linha de corte longitudinal.<\/p>\n\n\n\n<p>Com um compromisso s\u00f3lido com a qualidade, a empresa se destaca pela sua credibilidade e tradi\u00e7\u00e3o no setor. Ela investe continuamente em tecnologia, recursos humanos, atendimento e infraestrutura para oferecer <strong>solu\u00e7\u00f5es sob medida<\/strong> para seus clientes.<\/p>\n\n\n\n<p>A <a href=\"https:\/\/www.mggrupo.com.br\/empresa\">MG Grupo<\/a> oferece servi\u00e7os de linha de corte longitudinal de alta qualidade, atendendo \u00e0s seguintes especifica\u00e7\u00f5es:<\/p>\n\n\n\n<ul class=\"wp-block-list\">\n<li><strong>Espessura<\/strong>: Varia de 0,3 a 4,0 mm;<\/li>\n\n\n\n<li><strong>Largura da bobina m\u00e3e<\/strong>: De 400 a 1600 mm;<\/li>\n\n\n\n<li><strong>Peso m\u00e1ximo da bobina m\u00e3e<\/strong>: 20 Toneladas;<\/li>\n\n\n\n<li><strong>Di\u00e2metro interno da bobina m\u00e3e<\/strong>: Varia de 500 a 610 mm.<\/li>\n<\/ul>\n\n\n\n<p class=\"has-text-align-center\">N\u00e3o perca nem mais um segundo. <a href=\"https:\/\/www.mggrupo.com.br\/contato\">Entre em contato<\/a> com a MG Grupo e contrate seu servi\u00e7o de corte longitudinal com condi\u00e7\u00f5es super especiais!<\/p>\n\n\n\n<h4 class=\"wp-block-heading\"><span class=\"ez-toc-section\" id=\"Outros_conteudos_recomendados\"><\/span><strong>Outros conte\u00fados recomendados:<\/strong><span class=\"ez-toc-section-end\"><\/span><\/h4>\n\n\n\n<ul class=\"wp-block-list\">\n<li><a href=\"https:\/\/mggrupo.com.br\/blog\/sucatas-de-estamparia\/estamparia-em-chapas-de-aco\/\">Estamparia em chapas de a\u00e7o: moldando ideias com precis\u00e3o!<\/a><\/li>\n\n\n\n<li><a href=\"https:\/\/mggrupo.com.br\/blog\/sucatas\/sucata-de-oxicorte\/\">Sucata de oxicorte: quais as vantagens da utiliza\u00e7\u00e3o?<\/a><\/li>\n\n\n\n<li><a href=\"https:\/\/mggrupo.com.br\/blog\/chapas-de-aco\/discos-de-aco-em-santo-andre\/\">Discos de a\u00e7o em Santo Andr\u00e9: aplica\u00e7\u00f5es e onde comprar!<\/a><\/li>\n<\/ul>\n\n\n\n<figure class=\"wp-block-image size-full is-resized\"><img loading=\"lazy\" decoding=\"async\" width=\"297\" height=\"51\" src=\"https:\/\/mggrupo.com.br\/blog\/wp-content\/uploads\/2023\/04\/brand.png\" alt=\"\" class=\"wp-image-6\" style=\"width:204px;height:auto\"\/><\/figure>\n","protected":false},"excerpt":{"rendered":"<p><span class=\"rt-reading-time\" style=\"display: block;\"><span class=\"rt-label rt-prefix\">Tempo de leitura:<\/span> <span class=\"rt-time\">4<\/span> <span class=\"rt-label rt-postfix\">minutos<\/span><\/span> A linha de corte longitudinal \u00e9 um processo industrial fundamental na transforma\u00e7\u00e3o de bobinas de a\u00e7o em tiras de espessura menor e largura espec\u00edfica. Esse procedimento desempenha um papel essencial em diversas ind\u00fastrias, garantindo materiais de qualidade para uma variedade&#8230;<\/p>\n","protected":false},"author":1,"featured_media":160,"comment_status":"open","ping_status":"open","sticky":false,"template":"","format":"standard","meta":{"footnotes":""},"categories":[2075,3206],"tags":[2068,3316,3313,3314,3315,3317,3318,3312,3297,3310,3273,3255,3249,3285,3243,3291,3304,3267,3261,3294,3307,3270,3252,3246,3282,3240,3288,3301,3264,3258,3231,3228,3229,3227,3230,1909,3232,3237,3234,3235,3233,3236,1910,3238,3217,3214,3215,3213,3216,3218,3219,3224,3221,3222,3220,3223,3225,3226,3295,3308,3271,3253,3247,3283,3241,3289,3302,3265,3259,3293,3306,3269,3251,3245,3281,3239,3287,3300,3263,3257,3296,3309,3272,3254,3248,3284,3242,3290,3303,3266,3260,3211,3208,3209,3207,3210,1896,3212,3279,3276,3277,3275,3278,1988,3280,3298,1961,1978,1928,1930,3299,3311,3274,3256,3250,3286,3244,3292,3305,3268,3262,1947,1923,1944,1960,1938,1931],"class_list":["post-159","post","type-post","status-publish","format-standard","has-post-thumbnail","hentry","category-aco-para-industrias","category-corte-longitudinal","tag-2068","tag-bobinas-mae-de-aco-alvarenga","tag-corte-longitudinal-alvarenga","tag-linha-corte-longitudinal-alvarenga","tag-linha-longitudinal-alvarenga","tag-tiras-de-aco-alvarenga","tag-tiras-de-aco-linha-de-producao-alvarenga","tag-linha-de-corte-longitudinal-alvarenga","tag-bobinas-mae-de-aco-bastine","tag-bobinas-mae-de-aco-diadema","tag-bobinas-mae-de-aco-em-promocao","tag-bobinas-mae-de-aco-em-sao-paulo","tag-bobinas-mae-de-aco-em-sp","tag-bobinas-mae-de-aco-perto-de-mim","tag-bobinas-mae-de-aco-preco","tag-bobinas-mae-de-aco-proximo-a-mim","tag-bobinas-mae-de-aco-santo-andre","tag-bobinas-mae-de-aco-sao-bernardo-do-campo","tag-bobinas-mae-de-aco-sao-paulo","tag-corte-longitudinal-bastine","tag-corte-longitudinal-diadema","tag-corte-longitudinal-em-promocao","tag-corte-longitudinal-em-sao-paulo","tag-corte-longitudinal-em-sp","tag-corte-longitudinal-perto-de-mim","tag-corte-longitudinal-preco","tag-corte-longitudinal-proximo-a-mim","tag-corte-longitudinal-santo-andre","tag-corte-longitudinal-sao-bernardo-do-campo","tag-corte-longitudinal-sao-paulo","tag-distribuidor-de-bobinas-mae-de-aco","tag-distribuidor-de-corte-longitudinal","tag-distribuidor-de-linha-corte-longitudinal","tag-distribuidor-de-linha-de-corte-longitudinal","tag-distribuidor-de-linha-longitudinal","tag-distribuidor-de-tiras-de-aco","tag-distribuidor-de-tiras-de-aco-linha-de-producao","tag-distribuidora-de-bobinas-mae-de-aco","tag-distribuidora-de-corte-longitudinal","tag-distribuidora-de-linha-corte-longitudinal","tag-distribuidora-de-linha-de-corte-longitudinal","tag-distribuidora-de-linha-longitudinal","tag-distribuidora-de-tiras-de-aco","tag-distribuidora-de-tiras-de-aco-linha-de-producao","tag-empresa-de-bobinas-mae-de-aco","tag-empresa-de-corte-longitudinal","tag-empresa-de-linha-corte-longitudinal","tag-empresa-de-linha-de-corte-longitudinal","tag-empresa-de-linha-longitudinal","tag-empresa-de-tiras-de-aco","tag-empresa-de-tiras-de-aco-linha-de-producao","tag-fornecedor-de-bobinas-mae-de-aco","tag-fornecedor-de-corte-longitudinal","tag-fornecedor-de-linha-corte-longitudinal","tag-fornecedor-de-linha-de-corte-longitudinal","tag-fornecedor-de-linha-longitudinal","tag-fornecedor-de-tiras-de-aco","tag-fornecedor-de-tiras-de-aco-linha-de-producao","tag-linha-corte-longitudinal-bastine","tag-linha-corte-longitudinal-diadema","tag-linha-corte-longitudinal-em-promocao","tag-linha-corte-longitudinal-em-sao-paulo","tag-linha-corte-longitudinal-em-sp","tag-linha-corte-longitudinal-perto-de-mim","tag-linha-corte-longitudinal-preco","tag-linha-corte-longitudinal-proximo-a-mim","tag-linha-corte-longitudinal-santo-andre","tag-linha-corte-longitudinal-sao-bernardo-do-campo","tag-linha-corte-longitudinal-sao-paulo","tag-linha-de-corte-longitudinal-bastine","tag-linha-de-corte-longitudinal-diadema","tag-linha-de-corte-longitudinal-em-promocao","tag-linha-de-corte-longitudinal-em-sao-paulo","tag-linha-de-corte-longitudinal-em-sp","tag-linha-de-corte-longitudinal-perto-de-mim","tag-linha-de-corte-longitudinal-preco","tag-linha-de-corte-longitudinal-proximo-a-mim","tag-linha-de-corte-longitudinal-santo-andre","tag-linha-de-corte-longitudinal-sao-bernardo-do-campo","tag-linha-de-corte-longitudinal-sao-paulo","tag-linha-longitudinal-bastine","tag-linha-longitudinal-diadema","tag-linha-longitudinal-em-promocao","tag-linha-longitudinal-em-sao-paulo","tag-linha-longitudinal-em-sp","tag-linha-longitudinal-perto-de-mim","tag-linha-longitudinal-preco","tag-linha-longitudinal-proximo-a-mim","tag-linha-longitudinal-santo-andre","tag-linha-longitudinal-sao-bernardo-do-campo","tag-linha-longitudinal-sao-paulo","tag-onde-encontrar-bobinas-mae-de-aco","tag-onde-encontrar-corte-longitudinal","tag-onde-encontrar-linha-corte-longitudinal","tag-onde-encontrar-linha-de-corte-longitudinal","tag-onde-encontrar-linha-longitudinal","tag-onde-encontrar-tiras-de-aco","tag-onde-encontrar-tiras-de-aco-linha-de-producao","tag-servico-de-bobinas-mae-de-aco","tag-servico-de-corte-longitudinal","tag-servico-de-linha-corte-longitudinal","tag-servico-de-linha-de-corte-longitudinal","tag-servico-de-linha-longitudinal","tag-servico-de-tiras-de-aco","tag-servico-de-tiras-de-aco-linha-de-producao","tag-tiras-de-aco-bastine","tag-tiras-de-aco-diadema","tag-tiras-de-aco-em-promocao","tag-tiras-de-aco-em-sao-paulo","tag-tiras-de-aco-em-sp","tag-tiras-de-aco-linha-de-producao-bastine","tag-tiras-de-aco-linha-de-producao-diadema","tag-tiras-de-aco-linha-de-producao-em-promocao","tag-tiras-de-aco-linha-de-producao-em-sao-paulo","tag-tiras-de-aco-linha-de-producao-em-sp","tag-tiras-de-aco-linha-de-producao-perto-de-mim","tag-tiras-de-aco-linha-de-producao-preco","tag-tiras-de-aco-linha-de-producao-proximo-a-mim","tag-tiras-de-aco-linha-de-producao-santo-andre","tag-tiras-de-aco-linha-de-producao-sao-bernardo-do-campo","tag-tiras-de-aco-linha-de-producao-sao-paulo","tag-tiras-de-aco-perto-de-mim","tag-tiras-de-aco-preco","tag-tiras-de-aco-proximo-a-mim","tag-tiras-de-aco-santo-andre","tag-tiras-de-aco-sao-bernardo-do-campo","tag-tiras-de-aco-sao-paulo"],"yoast_head":"<!-- This site is optimized with the Yoast SEO plugin v20.6 - https:\/\/yoast.com\/wordpress\/plugins\/seo\/ -->\n<title>Linha de corte longitudinal: Otimize sua produ\u00e7\u00e3o - MG Grupo<\/title>\n<meta name=\"description\" content=\"Linha de corte longitudinal: confira todos os pontos-chave deste recurso e, em seguida7, conhe\u00e7a uma empresa especializada no assunto.\" \/>\n<meta name=\"robots\" content=\"index, follow, max-snippet:-1, max-image-preview:large, max-video-preview:-1\" \/>\n<link rel=\"canonical\" href=\"https:\/\/www.mggrupo.com.br\/blog\/aco-para-industrias\/linha-de-corte-longitudinal\/\" \/>\n<meta property=\"og:locale\" content=\"pt_BR\" \/>\n<meta property=\"og:type\" content=\"article\" \/>\n<meta property=\"og:title\" content=\"Linha de corte longitudinal: Otimize sua produ\u00e7\u00e3o - MG Grupo\" \/>\n<meta property=\"og:description\" content=\"Linha de corte longitudinal: confira todos os pontos-chave deste recurso e, em seguida7, conhe\u00e7a uma empresa especializada no assunto.\" \/>\n<meta property=\"og:url\" content=\"https:\/\/www.mggrupo.com.br\/blog\/aco-para-industrias\/linha-de-corte-longitudinal\/\" \/>\n<meta property=\"og:site_name\" content=\"MG Grupo\" \/>\n<meta property=\"article:published_time\" content=\"2023-12-07T14:58:58+00:00\" \/>\n<meta property=\"article:modified_time\" content=\"2023-12-07T15:04:21+00:00\" \/>\n<meta property=\"og:image\" content=\"https:\/\/www.mggrupo.com.br\/blog\/wp-content\/uploads\/2023\/12\/aco-3-1.jpg\" \/>\n\t<meta property=\"og:image:width\" content=\"740\" \/>\n\t<meta property=\"og:image:height\" content=\"493\" \/>\n\t<meta property=\"og:image:type\" content=\"image\/jpeg\" \/>\n<meta name=\"author\" content=\"admin\" \/>\n<meta name=\"twitter:card\" content=\"summary_large_image\" \/>\n<meta name=\"twitter:label1\" content=\"Escrito por\" \/>\n\t<meta name=\"twitter:data1\" content=\"admin\" \/>\n\t<meta name=\"twitter:label2\" content=\"Est. tempo de leitura\" \/>\n\t<meta name=\"twitter:data2\" content=\"5 minutos\" \/>\n<script type=\"application\/ld+json\" class=\"yoast-schema-graph\">{\"@context\":\"https:\/\/schema.org\",\"@graph\":[{\"@type\":\"Article\",\"@id\":\"https:\/\/www.mggrupo.com.br\/blog\/aco-para-industrias\/linha-de-corte-longitudinal\/#article\",\"isPartOf\":{\"@id\":\"https:\/\/www.mggrupo.com.br\/blog\/aco-para-industrias\/linha-de-corte-longitudinal\/\"},\"author\":{\"name\":\"admin\",\"@id\":\"https:\/\/www.mggrupo.com.br\/blog\/#\/schema\/person\/1ac8553a9219b663fcb271a2e955e071\"},\"headline\":\"Linha de corte longitudinal: Otimize sua produ\u00e7\u00e3o\",\"datePublished\":\"2023-12-07T14:58:58+00:00\",\"dateModified\":\"2023-12-07T15:04:21+00:00\",\"mainEntityOfPage\":{\"@id\":\"https:\/\/www.mggrupo.com.br\/blog\/aco-para-industrias\/linha-de-corte-longitudinal\/\"},\"wordCount\":688,\"commentCount\":0,\"publisher\":{\"@id\":\"https:\/\/www.mggrupo.com.br\/blog\/#organization\"},\"keywords\":[\"\\\"\",\"\\\" \\\"bobinas-m\u00e3e de a\u00e7o Alvarenga\",\"\\\" \\\"corte longitudinal Alvarenga\",\"\\\" \\\"Linha corte longitudinal Alvarenga\",\"\\\" \\\"Linha longitudinal Alvarenga\",\"\\\" \\\"tiras de a\u00e7o Alvarenga\",\"\\\" \\\"tiras de a\u00e7o linha de produ\u00e7\u00e3o Alvarenga\",\"\\\"Linha de corte longitudinal Alvarenga\",\"bobinas-m\u00e3e de a\u00e7o Bastine\",\"bobinas-m\u00e3e de a\u00e7o Diadema\",\"bobinas-m\u00e3e de a\u00e7o em promo\u00e7\u00e3o\",\"bobinas-m\u00e3e de a\u00e7o em s\u00e3o paulo\",\"bobinas-m\u00e3e de a\u00e7o em sp\",\"bobinas-m\u00e3e de a\u00e7o perto de mim\",\"bobinas-m\u00e3e de a\u00e7o pre\u00e7o\",\"bobinas-m\u00e3e de a\u00e7o pr\u00f3ximo a mim\",\"bobinas-m\u00e3e de a\u00e7o Santo Andr\u00e9\",\"bobinas-m\u00e3e de a\u00e7o S\u00e3o Bernardo do Campo\",\"bobinas-m\u00e3e de a\u00e7o S\u00e3o Paulo\",\"corte longitudinal Bastine\",\"corte longitudinal Diadema\",\"corte longitudinal em promo\u00e7\u00e3o\",\"corte longitudinal em s\u00e3o paulo\",\"corte longitudinal em sp\",\"corte longitudinal perto de mim\",\"corte longitudinal pre\u00e7o\",\"corte longitudinal pr\u00f3ximo a mim\",\"corte longitudinal Santo Andr\u00e9\",\"corte longitudinal S\u00e3o Bernardo do Campo\",\"corte longitudinal S\u00e3o Paulo\",\"distribuidor de bobinas-m\u00e3e de a\u00e7o\",\"distribuidor de corte longitudinal\",\"distribuidor de Linha corte longitudinal\",\"distribuidor de Linha de corte longitudinal\",\"distribuidor de Linha longitudinal\",\"distribuidor de Tiras de A\u00e7o\",\"distribuidor de tiras de a\u00e7o linha de produ\u00e7\u00e3o\",\"distribuidora de bobinas-m\u00e3e de a\u00e7o\",\"distribuidora de corte longitudinal\",\"distribuidora de Linha corte longitudinal\",\"distribuidora de Linha de corte longitudinal\",\"distribuidora de Linha longitudinal\",\"distribuidora de Tiras de A\u00e7o\",\"distribuidora de tiras de a\u00e7o linha de produ\u00e7\u00e3o\",\"empresa de bobinas-m\u00e3e de a\u00e7o\",\"empresa de corte longitudinal\",\"empresa de Linha corte longitudinal\",\"empresa de Linha de corte longitudinal\",\"empresa de Linha longitudinal\",\"empresa de tiras de a\u00e7o\",\"empresa de tiras de a\u00e7o linha de produ\u00e7\u00e3o\",\"fornecedor de bobinas-m\u00e3e de a\u00e7o\",\"fornecedor de corte longitudinal\",\"fornecedor de Linha corte longitudinal\",\"fornecedor de Linha de corte longitudinal\",\"fornecedor de Linha longitudinal\",\"fornecedor de tiras de a\u00e7o\",\"fornecedor de tiras de a\u00e7o linha de produ\u00e7\u00e3o\",\"Linha corte longitudinal Bastine\",\"Linha corte longitudinal Diadema\",\"Linha corte longitudinal em promo\u00e7\u00e3o\",\"Linha corte longitudinal em s\u00e3o paulo\",\"Linha corte longitudinal em sp\",\"Linha corte longitudinal perto de mim\",\"Linha corte longitudinal pre\u00e7o\",\"Linha corte longitudinal pr\u00f3ximo a mim\",\"Linha corte longitudinal Santo Andr\u00e9\",\"Linha corte longitudinal S\u00e3o Bernardo do Campo\",\"Linha corte longitudinal S\u00e3o Paulo\",\"Linha de corte longitudinal Bastine\",\"Linha de corte longitudinal Diadema\",\"Linha de corte longitudinal em promo\u00e7\u00e3o\",\"Linha de corte longitudinal em s\u00e3o paulo\",\"Linha de corte longitudinal em sp\",\"Linha de corte longitudinal perto de mim\",\"Linha de corte longitudinal pre\u00e7o\",\"Linha de corte longitudinal pr\u00f3ximo a mim\",\"Linha de corte longitudinal Santo Andr\u00e9\",\"Linha de corte longitudinal S\u00e3o Bernardo do Campo\",\"Linha de corte longitudinal S\u00e3o Paulo\",\"Linha longitudinal Bastine\",\"Linha longitudinal Diadema\",\"Linha longitudinal em promo\u00e7\u00e3o\",\"Linha longitudinal em s\u00e3o paulo\",\"Linha longitudinal em sp\",\"Linha longitudinal perto de mim\",\"Linha longitudinal pre\u00e7o\",\"Linha longitudinal pr\u00f3ximo a mim\",\"Linha longitudinal Santo Andr\u00e9\",\"Linha longitudinal S\u00e3o Bernardo do Campo\",\"Linha longitudinal S\u00e3o Paulo\",\"onde encontrar bobinas-m\u00e3e de a\u00e7o\",\"onde encontrar corte longitudinal\",\"onde encontrar Linha corte longitudinal\",\"onde encontrar Linha de corte longitudinal\",\"onde encontrar Linha longitudinal\",\"onde encontrar Tiras de A\u00e7o\",\"onde encontrar tiras de a\u00e7o linha de produ\u00e7\u00e3o\",\"servi\u00e7o de bobinas-m\u00e3e de a\u00e7o\",\"servi\u00e7o de corte longitudinal\",\"servi\u00e7o de Linha corte longitudinal\",\"servi\u00e7o de Linha de corte longitudinal\",\"servi\u00e7o de Linha longitudinal\",\"servi\u00e7o de Tiras de A\u00e7o\",\"servi\u00e7o de tiras de a\u00e7o linha de produ\u00e7\u00e3o\",\"tiras de a\u00e7o Bastine\",\"Tiras de A\u00e7o Diadema\",\"Tiras de A\u00e7o em promo\u00e7\u00e3o\",\"Tiras de A\u00e7o em s\u00e3o paulo\",\"Tiras de A\u00e7o em sp\",\"tiras de a\u00e7o linha de produ\u00e7\u00e3o Bastine\",\"tiras de a\u00e7o linha de produ\u00e7\u00e3o Diadema\",\"tiras de a\u00e7o linha de produ\u00e7\u00e3o em promo\u00e7\u00e3o\",\"tiras de a\u00e7o linha de produ\u00e7\u00e3o em s\u00e3o paulo\",\"tiras de a\u00e7o linha de produ\u00e7\u00e3o em sp\",\"tiras de a\u00e7o linha de produ\u00e7\u00e3o perto de mim\",\"tiras de a\u00e7o linha de produ\u00e7\u00e3o pre\u00e7o\",\"tiras de a\u00e7o linha de produ\u00e7\u00e3o pr\u00f3ximo a mim\",\"tiras de a\u00e7o linha de produ\u00e7\u00e3o Santo Andr\u00e9\",\"tiras de a\u00e7o linha de produ\u00e7\u00e3o S\u00e3o Bernardo do Campo\",\"tiras de a\u00e7o linha de produ\u00e7\u00e3o S\u00e3o Paulo\",\"Tiras de A\u00e7o perto de mim\",\"Tiras de A\u00e7o pre\u00e7o\",\"Tiras de A\u00e7o pr\u00f3ximo a mim\",\"Tiras de A\u00e7o Santo Andr\u00e9\",\"Tiras de A\u00e7o S\u00e3o Bernardo do Campo\",\"Tiras de A\u00e7o S\u00e3o Paulo\"],\"articleSection\":[\"A\u00e7o para ind\u00fastrias\",\"Corte longitudinal\"],\"inLanguage\":\"pt-BR\",\"potentialAction\":[{\"@type\":\"CommentAction\",\"name\":\"Comment\",\"target\":[\"https:\/\/www.mggrupo.com.br\/blog\/aco-para-industrias\/linha-de-corte-longitudinal\/#respond\"]}]},{\"@type\":\"WebPage\",\"@id\":\"https:\/\/www.mggrupo.com.br\/blog\/aco-para-industrias\/linha-de-corte-longitudinal\/\",\"url\":\"https:\/\/www.mggrupo.com.br\/blog\/aco-para-industrias\/linha-de-corte-longitudinal\/\",\"name\":\"Linha de corte longitudinal: Otimize sua produ\u00e7\u00e3o - MG Grupo\",\"isPartOf\":{\"@id\":\"https:\/\/www.mggrupo.com.br\/blog\/#website\"},\"datePublished\":\"2023-12-07T14:58:58+00:00\",\"dateModified\":\"2023-12-07T15:04:21+00:00\",\"description\":\"Linha de corte longitudinal: confira todos os pontos-chave deste recurso e, em seguida7, conhe\u00e7a uma empresa especializada no assunto.\",\"breadcrumb\":{\"@id\":\"https:\/\/www.mggrupo.com.br\/blog\/aco-para-industrias\/linha-de-corte-longitudinal\/#breadcrumb\"},\"inLanguage\":\"pt-BR\",\"potentialAction\":[{\"@type\":\"ReadAction\",\"target\":[\"https:\/\/www.mggrupo.com.br\/blog\/aco-para-industrias\/linha-de-corte-longitudinal\/\"]}]},{\"@type\":\"BreadcrumbList\",\"@id\":\"https:\/\/www.mggrupo.com.br\/blog\/aco-para-industrias\/linha-de-corte-longitudinal\/#breadcrumb\",\"itemListElement\":[{\"@type\":\"ListItem\",\"position\":1,\"name\":\"In\u00edcio\",\"item\":\"https:\/\/www.mggrupo.com.br\/blog\/\"},{\"@type\":\"ListItem\",\"position\":2,\"name\":\"Linha de corte longitudinal: Otimize sua produ\u00e7\u00e3o\"}]},{\"@type\":\"WebSite\",\"@id\":\"https:\/\/www.mggrupo.com.br\/blog\/#website\",\"url\":\"https:\/\/www.mggrupo.com.br\/blog\/\",\"name\":\"MG Grupo\",\"description\":\"Blog MG Grupo\",\"publisher\":{\"@id\":\"https:\/\/www.mggrupo.com.br\/blog\/#organization\"},\"potentialAction\":[{\"@type\":\"SearchAction\",\"target\":{\"@type\":\"EntryPoint\",\"urlTemplate\":\"https:\/\/www.mggrupo.com.br\/blog\/?s={search_term_string}\"},\"query-input\":\"required name=search_term_string\"}],\"inLanguage\":\"pt-BR\"},{\"@type\":\"Organization\",\"@id\":\"https:\/\/www.mggrupo.com.br\/blog\/#organization\",\"name\":\"MG Grupo\",\"url\":\"https:\/\/www.mggrupo.com.br\/blog\/\",\"logo\":{\"@type\":\"ImageObject\",\"inLanguage\":\"pt-BR\",\"@id\":\"https:\/\/www.mggrupo.com.br\/blog\/#\/schema\/logo\/image\/\",\"url\":\"https:\/\/www.mggrupo.com.br\/blog\/wp-content\/uploads\/2023\/04\/brand.png\",\"contentUrl\":\"https:\/\/www.mggrupo.com.br\/blog\/wp-content\/uploads\/2023\/04\/brand.png\",\"width\":297,\"height\":51,\"caption\":\"MG Grupo\"},\"image\":{\"@id\":\"https:\/\/www.mggrupo.com.br\/blog\/#\/schema\/logo\/image\/\"}},{\"@type\":\"Person\",\"@id\":\"https:\/\/www.mggrupo.com.br\/blog\/#\/schema\/person\/1ac8553a9219b663fcb271a2e955e071\",\"name\":\"admin\",\"image\":{\"@type\":\"ImageObject\",\"inLanguage\":\"pt-BR\",\"@id\":\"https:\/\/www.mggrupo.com.br\/blog\/#\/schema\/person\/image\/\",\"url\":\"https:\/\/secure.gravatar.com\/avatar\/3813f53848958b8842eeafda91666185a90010f65ed554379b78794cde6f234a?s=96&d=mm&r=g\",\"contentUrl\":\"https:\/\/secure.gravatar.com\/avatar\/3813f53848958b8842eeafda91666185a90010f65ed554379b78794cde6f234a?s=96&d=mm&r=g\",\"caption\":\"admin\"},\"sameAs\":[\"https:\/\/mggrupo.com.br\/blog\"],\"url\":\"https:\/\/www.mggrupo.com.br\/blog\/author\/admin\/\"}]}<\/script>\n<!-- \/ Yoast SEO plugin. -->","yoast_head_json":{"title":"Linha de corte longitudinal: Otimize sua produ\u00e7\u00e3o - MG Grupo","description":"Linha de corte longitudinal: confira todos os pontos-chave deste recurso e, em seguida7, conhe\u00e7a uma empresa especializada no assunto.","robots":{"index":"index","follow":"follow","max-snippet":"max-snippet:-1","max-image-preview":"max-image-preview:large","max-video-preview":"max-video-preview:-1"},"canonical":"https:\/\/www.mggrupo.com.br\/blog\/aco-para-industrias\/linha-de-corte-longitudinal\/","og_locale":"pt_BR","og_type":"article","og_title":"Linha de corte longitudinal: Otimize sua produ\u00e7\u00e3o - MG Grupo","og_description":"Linha de corte longitudinal: confira todos os pontos-chave deste recurso e, em seguida7, conhe\u00e7a uma empresa especializada no assunto.","og_url":"https:\/\/www.mggrupo.com.br\/blog\/aco-para-industrias\/linha-de-corte-longitudinal\/","og_site_name":"MG Grupo","article_published_time":"2023-12-07T14:58:58+00:00","article_modified_time":"2023-12-07T15:04:21+00:00","og_image":[{"width":740,"height":493,"url":"https:\/\/www.mggrupo.com.br\/blog\/wp-content\/uploads\/2023\/12\/aco-3-1.jpg","type":"image\/jpeg"}],"author":"admin","twitter_card":"summary_large_image","twitter_misc":{"Escrito por":"admin","Est. tempo de leitura":"5 minutos"},"schema":{"@context":"https:\/\/schema.org","@graph":[{"@type":"Article","@id":"https:\/\/www.mggrupo.com.br\/blog\/aco-para-industrias\/linha-de-corte-longitudinal\/#article","isPartOf":{"@id":"https:\/\/www.mggrupo.com.br\/blog\/aco-para-industrias\/linha-de-corte-longitudinal\/"},"author":{"name":"admin","@id":"https:\/\/www.mggrupo.com.br\/blog\/#\/schema\/person\/1ac8553a9219b663fcb271a2e955e071"},"headline":"Linha de corte longitudinal: Otimize sua produ\u00e7\u00e3o","datePublished":"2023-12-07T14:58:58+00:00","dateModified":"2023-12-07T15:04:21+00:00","mainEntityOfPage":{"@id":"https:\/\/www.mggrupo.com.br\/blog\/aco-para-industrias\/linha-de-corte-longitudinal\/"},"wordCount":688,"commentCount":0,"publisher":{"@id":"https:\/\/www.mggrupo.com.br\/blog\/#organization"},"keywords":["\"","\" \"bobinas-m\u00e3e de a\u00e7o Alvarenga","\" \"corte longitudinal Alvarenga","\" \"Linha corte longitudinal Alvarenga","\" \"Linha longitudinal Alvarenga","\" \"tiras de a\u00e7o Alvarenga","\" \"tiras de a\u00e7o linha de produ\u00e7\u00e3o Alvarenga","\"Linha de corte longitudinal Alvarenga","bobinas-m\u00e3e de a\u00e7o Bastine","bobinas-m\u00e3e de a\u00e7o Diadema","bobinas-m\u00e3e de a\u00e7o em promo\u00e7\u00e3o","bobinas-m\u00e3e de a\u00e7o em s\u00e3o paulo","bobinas-m\u00e3e de a\u00e7o em sp","bobinas-m\u00e3e de a\u00e7o perto de mim","bobinas-m\u00e3e de a\u00e7o pre\u00e7o","bobinas-m\u00e3e de a\u00e7o pr\u00f3ximo a mim","bobinas-m\u00e3e de a\u00e7o Santo Andr\u00e9","bobinas-m\u00e3e de a\u00e7o S\u00e3o Bernardo do Campo","bobinas-m\u00e3e de a\u00e7o S\u00e3o Paulo","corte longitudinal Bastine","corte longitudinal Diadema","corte longitudinal em promo\u00e7\u00e3o","corte longitudinal em s\u00e3o paulo","corte longitudinal em sp","corte longitudinal perto de mim","corte longitudinal pre\u00e7o","corte longitudinal pr\u00f3ximo a mim","corte longitudinal Santo Andr\u00e9","corte longitudinal S\u00e3o Bernardo do Campo","corte longitudinal S\u00e3o Paulo","distribuidor de bobinas-m\u00e3e de a\u00e7o","distribuidor de corte longitudinal","distribuidor de Linha corte longitudinal","distribuidor de Linha de corte longitudinal","distribuidor de Linha longitudinal","distribuidor de Tiras de A\u00e7o","distribuidor de tiras de a\u00e7o linha de produ\u00e7\u00e3o","distribuidora de bobinas-m\u00e3e de a\u00e7o","distribuidora de corte longitudinal","distribuidora de Linha corte longitudinal","distribuidora de Linha de corte longitudinal","distribuidora de Linha longitudinal","distribuidora de Tiras de A\u00e7o","distribuidora de tiras de a\u00e7o linha de produ\u00e7\u00e3o","empresa de bobinas-m\u00e3e de a\u00e7o","empresa de corte longitudinal","empresa de Linha corte longitudinal","empresa de Linha de corte longitudinal","empresa de Linha longitudinal","empresa de tiras de a\u00e7o","empresa de tiras de a\u00e7o linha de produ\u00e7\u00e3o","fornecedor de bobinas-m\u00e3e de a\u00e7o","fornecedor de corte longitudinal","fornecedor de Linha corte longitudinal","fornecedor de Linha de corte longitudinal","fornecedor de Linha longitudinal","fornecedor de tiras de a\u00e7o","fornecedor de tiras de a\u00e7o linha de produ\u00e7\u00e3o","Linha corte longitudinal Bastine","Linha corte longitudinal Diadema","Linha corte longitudinal em promo\u00e7\u00e3o","Linha corte longitudinal em s\u00e3o paulo","Linha corte longitudinal em sp","Linha corte longitudinal perto de mim","Linha corte longitudinal pre\u00e7o","Linha corte longitudinal pr\u00f3ximo a mim","Linha corte longitudinal Santo Andr\u00e9","Linha corte longitudinal S\u00e3o Bernardo do Campo","Linha corte longitudinal S\u00e3o Paulo","Linha de corte longitudinal Bastine","Linha de corte longitudinal Diadema","Linha de corte longitudinal em promo\u00e7\u00e3o","Linha de corte longitudinal em s\u00e3o paulo","Linha de corte longitudinal em sp","Linha de corte longitudinal perto de mim","Linha de corte longitudinal pre\u00e7o","Linha de corte longitudinal pr\u00f3ximo a mim","Linha de corte longitudinal Santo Andr\u00e9","Linha de corte longitudinal S\u00e3o Bernardo do Campo","Linha de corte longitudinal S\u00e3o Paulo","Linha longitudinal Bastine","Linha longitudinal Diadema","Linha longitudinal em promo\u00e7\u00e3o","Linha longitudinal em s\u00e3o paulo","Linha longitudinal em sp","Linha longitudinal perto de mim","Linha longitudinal pre\u00e7o","Linha longitudinal pr\u00f3ximo a mim","Linha longitudinal Santo Andr\u00e9","Linha longitudinal S\u00e3o Bernardo do Campo","Linha longitudinal S\u00e3o Paulo","onde encontrar bobinas-m\u00e3e de a\u00e7o","onde encontrar corte longitudinal","onde encontrar Linha corte longitudinal","onde encontrar Linha de corte longitudinal","onde encontrar Linha longitudinal","onde encontrar Tiras de A\u00e7o","onde encontrar tiras de a\u00e7o linha de produ\u00e7\u00e3o","servi\u00e7o de bobinas-m\u00e3e de a\u00e7o","servi\u00e7o de corte longitudinal","servi\u00e7o de Linha corte longitudinal","servi\u00e7o de Linha de corte longitudinal","servi\u00e7o de Linha longitudinal","servi\u00e7o de Tiras de A\u00e7o","servi\u00e7o de tiras de a\u00e7o linha de produ\u00e7\u00e3o","tiras de a\u00e7o Bastine","Tiras de A\u00e7o Diadema","Tiras de A\u00e7o em promo\u00e7\u00e3o","Tiras de A\u00e7o em s\u00e3o paulo","Tiras de A\u00e7o em sp","tiras de a\u00e7o linha de produ\u00e7\u00e3o Bastine","tiras de a\u00e7o linha de produ\u00e7\u00e3o Diadema","tiras de a\u00e7o linha de produ\u00e7\u00e3o em promo\u00e7\u00e3o","tiras de a\u00e7o linha de produ\u00e7\u00e3o em s\u00e3o paulo","tiras de a\u00e7o linha de produ\u00e7\u00e3o em sp","tiras de a\u00e7o linha de produ\u00e7\u00e3o perto de mim","tiras de a\u00e7o linha de produ\u00e7\u00e3o pre\u00e7o","tiras de a\u00e7o linha de produ\u00e7\u00e3o pr\u00f3ximo a mim","tiras de a\u00e7o linha de produ\u00e7\u00e3o Santo Andr\u00e9","tiras de a\u00e7o linha de produ\u00e7\u00e3o S\u00e3o Bernardo do Campo","tiras de a\u00e7o linha de produ\u00e7\u00e3o S\u00e3o Paulo","Tiras de A\u00e7o perto de mim","Tiras de A\u00e7o pre\u00e7o","Tiras de A\u00e7o pr\u00f3ximo a mim","Tiras de A\u00e7o Santo Andr\u00e9","Tiras de A\u00e7o S\u00e3o Bernardo do Campo","Tiras de A\u00e7o S\u00e3o Paulo"],"articleSection":["A\u00e7o para ind\u00fastrias","Corte longitudinal"],"inLanguage":"pt-BR","potentialAction":[{"@type":"CommentAction","name":"Comment","target":["https:\/\/www.mggrupo.com.br\/blog\/aco-para-industrias\/linha-de-corte-longitudinal\/#respond"]}]},{"@type":"WebPage","@id":"https:\/\/www.mggrupo.com.br\/blog\/aco-para-industrias\/linha-de-corte-longitudinal\/","url":"https:\/\/www.mggrupo.com.br\/blog\/aco-para-industrias\/linha-de-corte-longitudinal\/","name":"Linha de corte longitudinal: Otimize sua produ\u00e7\u00e3o - MG Grupo","isPartOf":{"@id":"https:\/\/www.mggrupo.com.br\/blog\/#website"},"datePublished":"2023-12-07T14:58:58+00:00","dateModified":"2023-12-07T15:04:21+00:00","description":"Linha de corte longitudinal: confira todos os pontos-chave deste recurso e, em seguida7, conhe\u00e7a uma empresa especializada no assunto.","breadcrumb":{"@id":"https:\/\/www.mggrupo.com.br\/blog\/aco-para-industrias\/linha-de-corte-longitudinal\/#breadcrumb"},"inLanguage":"pt-BR","potentialAction":[{"@type":"ReadAction","target":["https:\/\/www.mggrupo.com.br\/blog\/aco-para-industrias\/linha-de-corte-longitudinal\/"]}]},{"@type":"BreadcrumbList","@id":"https:\/\/www.mggrupo.com.br\/blog\/aco-para-industrias\/linha-de-corte-longitudinal\/#breadcrumb","itemListElement":[{"@type":"ListItem","position":1,"name":"In\u00edcio","item":"https:\/\/www.mggrupo.com.br\/blog\/"},{"@type":"ListItem","position":2,"name":"Linha de corte longitudinal: Otimize sua produ\u00e7\u00e3o"}]},{"@type":"WebSite","@id":"https:\/\/www.mggrupo.com.br\/blog\/#website","url":"https:\/\/www.mggrupo.com.br\/blog\/","name":"MG Grupo","description":"Blog MG Grupo","publisher":{"@id":"https:\/\/www.mggrupo.com.br\/blog\/#organization"},"potentialAction":[{"@type":"SearchAction","target":{"@type":"EntryPoint","urlTemplate":"https:\/\/www.mggrupo.com.br\/blog\/?s={search_term_string}"},"query-input":"required name=search_term_string"}],"inLanguage":"pt-BR"},{"@type":"Organization","@id":"https:\/\/www.mggrupo.com.br\/blog\/#organization","name":"MG Grupo","url":"https:\/\/www.mggrupo.com.br\/blog\/","logo":{"@type":"ImageObject","inLanguage":"pt-BR","@id":"https:\/\/www.mggrupo.com.br\/blog\/#\/schema\/logo\/image\/","url":"https:\/\/www.mggrupo.com.br\/blog\/wp-content\/uploads\/2023\/04\/brand.png","contentUrl":"https:\/\/www.mggrupo.com.br\/blog\/wp-content\/uploads\/2023\/04\/brand.png","width":297,"height":51,"caption":"MG Grupo"},"image":{"@id":"https:\/\/www.mggrupo.com.br\/blog\/#\/schema\/logo\/image\/"}},{"@type":"Person","@id":"https:\/\/www.mggrupo.com.br\/blog\/#\/schema\/person\/1ac8553a9219b663fcb271a2e955e071","name":"admin","image":{"@type":"ImageObject","inLanguage":"pt-BR","@id":"https:\/\/www.mggrupo.com.br\/blog\/#\/schema\/person\/image\/","url":"https:\/\/secure.gravatar.com\/avatar\/3813f53848958b8842eeafda91666185a90010f65ed554379b78794cde6f234a?s=96&d=mm&r=g","contentUrl":"https:\/\/secure.gravatar.com\/avatar\/3813f53848958b8842eeafda91666185a90010f65ed554379b78794cde6f234a?s=96&d=mm&r=g","caption":"admin"},"sameAs":["https:\/\/mggrupo.com.br\/blog"],"url":"https:\/\/www.mggrupo.com.br\/blog\/author\/admin\/"}]}},"_links":{"self":[{"href":"https:\/\/www.mggrupo.com.br\/blog\/wp-json\/wp\/v2\/posts\/159","targetHints":{"allow":["GET"]}}],"collection":[{"href":"https:\/\/www.mggrupo.com.br\/blog\/wp-json\/wp\/v2\/posts"}],"about":[{"href":"https:\/\/www.mggrupo.com.br\/blog\/wp-json\/wp\/v2\/types\/post"}],"author":[{"embeddable":true,"href":"https:\/\/www.mggrupo.com.br\/blog\/wp-json\/wp\/v2\/users\/1"}],"replies":[{"embeddable":true,"href":"https:\/\/www.mggrupo.com.br\/blog\/wp-json\/wp\/v2\/comments?post=159"}],"version-history":[{"count":1,"href":"https:\/\/www.mggrupo.com.br\/blog\/wp-json\/wp\/v2\/posts\/159\/revisions"}],"predecessor-version":[{"id":164,"href":"https:\/\/www.mggrupo.com.br\/blog\/wp-json\/wp\/v2\/posts\/159\/revisions\/164"}],"wp:featuredmedia":[{"embeddable":true,"href":"https:\/\/www.mggrupo.com.br\/blog\/wp-json\/wp\/v2\/media\/160"}],"wp:attachment":[{"href":"https:\/\/www.mggrupo.com.br\/blog\/wp-json\/wp\/v2\/media?parent=159"}],"wp:term":[{"taxonomy":"category","embeddable":true,"href":"https:\/\/www.mggrupo.com.br\/blog\/wp-json\/wp\/v2\/categories?post=159"},{"taxonomy":"post_tag","embeddable":true,"href":"https:\/\/www.mggrupo.com.br\/blog\/wp-json\/wp\/v2\/tags?post=159"}],"curies":[{"name":"wp","href":"https:\/\/api.w.org\/{rel}","templated":true}]}}