{"id":85,"date":"2023-08-03T17:23:41","date_gmt":"2023-08-03T17:23:41","guid":{"rendered":"https:\/\/mggrupo.com.br\/blog\/?p=85"},"modified":"2023-08-03T17:24:00","modified_gmt":"2023-08-03T17:24:00","slug":"como-a-venda-de-sucatas-contribui-para-a-preservacao-do-meio-ambiente","status":"publish","type":"post","link":"https:\/\/www.mggrupo.com.br\/blog\/venda-de-sucatas\/como-a-venda-de-sucatas-contribui-para-a-preservacao-do-meio-ambiente\/","title":{"rendered":"Como a venda de sucatas contribui para a preserva\u00e7\u00e3o do meio ambiente?"},"content":{"rendered":"<span class=\"rt-reading-time\" style=\"display: block;\"><span class=\"rt-label rt-prefix\">Tempo de leitura:<\/span> <span class=\"rt-time\">4<\/span> <span class=\"rt-label rt-postfix\">minutos<\/span><\/span>\n<p class=\"has-medium-font-size\"><strong><em>A venda de sucatas \u00e9 uma grande aliada no processo de preserva\u00e7\u00e3o ambiental, uma vez que, diminui a quantidade de res\u00edduos descartados no planeta.<\/em><\/strong><\/p>\n\n\n\n<p>Todos os anos, milhares de toneladas de sucatas s\u00e3o descartadas de maneira incorreta no meio ambiente, causando danos significativos aos ecossistemas e \u00e0 vida ali presente.<\/p>\n\n\n\n<p>Para reverter a situa\u00e7\u00e3o, novas medidas de preserva\u00e7\u00e3o foram tomadas, tendo o<strong> com\u00e9rcio de sucatas<\/strong> como a mais vantajosa delas.<\/p>\n\n\n\n<p>Al\u00e9m de evitar o descarte indevido dos materiais, o reaproveitamento de sucatas \u00e9 uma excelente atividade para monetiza\u00e7\u00e3o, uma vez que \u00e9 gerado lucro com aquilo que seria descartado.<\/p>\n\n\n\n<p>Para entender melhor como a venda de sucatas auxilia para a preserva\u00e7\u00e3o do meio ambiente, continue lendo esse conte\u00fado at\u00e9 o final.<\/p>\n\n\n<div class=\"wp-block-image\">\n<figure class=\"aligncenter size-full is-resized\"><img loading=\"lazy\" decoding=\"async\" src=\"https:\/\/mggrupo.com.br\/blog\/wp-content\/uploads\/2023\/08\/compra-e-venda-sucata-1.jpg\" alt=\"Como a venda de sucatas contribui para a preserva\u00e7\u00e3o do meio ambiente?\n\" class=\"wp-image-86\" width=\"462\" height=\"271\"\/><\/figure>\n<\/div>\n\n\n<div id=\"ez-toc-container\" class=\"ez-toc-v2_0_62 counter-hierarchy ez-toc-counter ez-toc-white ez-toc-container-direction\">\n<div class=\"ez-toc-title-container\">\n<p class=\"ez-toc-title \" >LISTA DE T&Oacute;PICOS<\/p>\n<span class=\"ez-toc-title-toggle\"><a href=\"#\" class=\"ez-toc-pull-right ez-toc-btn ez-toc-btn-xs ez-toc-btn-default ez-toc-toggle\" aria-label=\"Toggle Table of Content\"><span class=\"ez-toc-js-icon-con\"><span class=\"\"><span class=\"eztoc-hide\" style=\"display:none;\">Toggle<\/span><span class=\"ez-toc-icon-toggle-span\"><svg style=\"fill: #999;color:#999\" xmlns=\"http:\/\/www.w3.org\/2000\/svg\" class=\"list-377408\" width=\"20px\" height=\"20px\" viewBox=\"0 0 24 24\" fill=\"none\"><path d=\"M6 6H4v2h2V6zm14 0H8v2h12V6zM4 11h2v2H4v-2zm16 0H8v2h12v-2zM4 16h2v2H4v-2zm16 0H8v2h12v-2z\" fill=\"currentColor\"><\/path><\/svg><svg style=\"fill: #999;color:#999\" class=\"arrow-unsorted-368013\" xmlns=\"http:\/\/www.w3.org\/2000\/svg\" width=\"10px\" height=\"10px\" viewBox=\"0 0 24 24\" version=\"1.2\" baseProfile=\"tiny\"><path d=\"M18.2 9.3l-6.2-6.3-6.2 6.3c-.2.2-.3.4-.3.7s.1.5.3.7c.2.2.4.3.7.3h11c.3 0 .5-.1.7-.3.2-.2.3-.5.3-.7s-.1-.5-.3-.7zM5.8 14.7l6.2 6.3 6.2-6.3c.2-.2.3-.5.3-.7s-.1-.5-.3-.7c-.2-.2-.4-.3-.7-.3h-11c-.3 0-.5.1-.7.3-.2.2-.3.5-.3.7s.1.5.3.7z\"\/><\/svg><\/span><\/span><\/span><\/a><\/span><\/div>\n<nav><ul class='ez-toc-list ez-toc-list-level-1 ' ><li class='ez-toc-page-1 ez-toc-heading-level-2'><a class=\"ez-toc-link ez-toc-heading-1\" href=\"https:\/\/www.mggrupo.com.br\/blog\/venda-de-sucatas\/como-a-venda-de-sucatas-contribui-para-a-preservacao-do-meio-ambiente\/#A_importancia_da_venda_de_sucatas_para_o_meio_ambiente\" title=\"A import\u00e2ncia da venda de sucatas para o meio ambiente\">A import\u00e2ncia da venda de sucatas para o meio ambiente<\/a><ul class='ez-toc-list-level-3' ><li class='ez-toc-heading-level-3'><a class=\"ez-toc-link ez-toc-heading-2\" href=\"https:\/\/www.mggrupo.com.br\/blog\/venda-de-sucatas\/como-a-venda-de-sucatas-contribui-para-a-preservacao-do-meio-ambiente\/#Reducao_no_descarte_de_residuos\" title=\"Redu\u00e7\u00e3o no descarte de res\u00edduos&nbsp;\">Redu\u00e7\u00e3o no descarte de res\u00edduos&nbsp;<\/a><\/li><li class='ez-toc-page-1 ez-toc-heading-level-3'><a class=\"ez-toc-link ez-toc-heading-3\" href=\"https:\/\/www.mggrupo.com.br\/blog\/venda-de-sucatas\/como-a-venda-de-sucatas-contribui-para-a-preservacao-do-meio-ambiente\/#Maior_seguranca_para_seres_humanos_e_animais\" title=\"Maior seguran\u00e7a para seres humanos e animais\">Maior seguran\u00e7a para seres humanos e animais<\/a><\/li><li class='ez-toc-page-1 ez-toc-heading-level-3'><a class=\"ez-toc-link ez-toc-heading-4\" href=\"https:\/\/www.mggrupo.com.br\/blog\/venda-de-sucatas\/como-a-venda-de-sucatas-contribui-para-a-preservacao-do-meio-ambiente\/#Evita_a_contaminacao_do_solo_pela_extracao_de_minerios\" title=\"Evita a contamina\u00e7\u00e3o do solo pela extra\u00e7\u00e3o de min\u00e9rios\">Evita a contamina\u00e7\u00e3o do solo pela extra\u00e7\u00e3o de min\u00e9rios<\/a><\/li><\/ul><\/li><li class='ez-toc-page-1 ez-toc-heading-level-2'><a class=\"ez-toc-link ez-toc-heading-5\" href=\"https:\/\/www.mggrupo.com.br\/blog\/venda-de-sucatas\/como-a-venda-de-sucatas-contribui-para-a-preservacao-do-meio-ambiente\/#Venda_de_sucatas_em_Sao_Paulo_saiba_onde_realizar_esse_servico\" title=\"Venda de sucatas em S\u00e3o Paulo: saiba onde realizar esse servi\u00e7o\">Venda de sucatas em S\u00e3o Paulo: saiba onde realizar esse servi\u00e7o<\/a><\/li><li class='ez-toc-page-1 ez-toc-heading-level-2'><a class=\"ez-toc-link ez-toc-heading-6\" href=\"https:\/\/www.mggrupo.com.br\/blog\/venda-de-sucatas\/como-a-venda-de-sucatas-contribui-para-a-preservacao-do-meio-ambiente\/#Para_saber_mais_entre_em_contato_com_a_MG_Grupo\" title=\"Para saber mais, entre em contato com a MG Grupo!\">Para saber mais, entre em contato com a MG Grupo!<\/a><\/li><\/ul><\/nav><\/div>\n<h2 class=\"wp-block-heading\"><span class=\"ez-toc-section\" id=\"A_importancia_da_venda_de_sucatas_para_o_meio_ambiente\"><\/span>A import\u00e2ncia da venda de sucatas para o meio ambiente<span class=\"ez-toc-section-end\"><\/span><\/h2>\n\n\n\n<p>Para compreendermos completamente a relev\u00e2ncia da venda de sucatas no contexto da preserva\u00e7\u00e3o ambiental, \u00e9 essencial explorar os motivos pelos quais essa pr\u00e1tica desempenha um papel t\u00e3o crucial:<\/p>\n\n\n\n<h3 class=\"wp-block-heading\"><span class=\"ez-toc-section\" id=\"Reducao_no_descarte_de_residuos\"><\/span>Redu\u00e7\u00e3o no descarte de res\u00edduos&nbsp;<span class=\"ez-toc-section-end\"><\/span><\/h3>\n\n\n\n<p>Os metais s\u00e3o materiais de longu\u00edssima durabilidade e, ao serem reaproveitados, contribuem para a conten\u00e7\u00e3o do crescimento da quantidade de res\u00edduos destinados a aterros sanit\u00e1rios e lix\u00f5es.<\/p>\n\n\n\n<h3 class=\"wp-block-heading\"><span class=\"ez-toc-section\" id=\"Maior_seguranca_para_seres_humanos_e_animais\"><\/span>Maior seguran\u00e7a para seres humanos e animais<span class=\"ez-toc-section-end\"><\/span><\/h3>\n\n\n\n<p>Quando descartados de maneira incorreta, os materiais ferrosos conferem alto n\u00edvel de contamina\u00e7\u00e3o do solo, \u00e1gua e ar pelo chorume produzido. Portanto, \u00e9 essencial recicl\u00e1-los para garantir maior n\u00edvel de seguran\u00e7a ao meio ambiente e, principalmente, aos seres humanos e animais.<\/p>\n\n\n\n<h3 class=\"wp-block-heading\"><span class=\"ez-toc-section\" id=\"Evita_a_contaminacao_do_solo_pela_extracao_de_minerios\"><\/span>Evita a contamina\u00e7\u00e3o do solo pela extra\u00e7\u00e3o de min\u00e9rios<span class=\"ez-toc-section-end\"><\/span><\/h3>\n\n\n\n<p>Durante o processo de extra\u00e7\u00e3o de min\u00e9rios muitos acidentes podem acontecer, gerando grandes preju\u00edzos ao meio ambiente, como a contamina\u00e7\u00e3o do solo.<\/p>\n\n\n\n<p>Ao optar por reutilizar os materiais ferrosos em seu estado final, as empresas evitam novos epis\u00f3dios como esse e, tamb\u00e9m, ajudam na preserva\u00e7\u00e3o dos recursos naturais.<\/p>\n\n\n\n<h2 class=\"wp-block-heading\"><span class=\"ez-toc-section\" id=\"Venda_de_sucatas_em_Sao_Paulo_saiba_onde_realizar_esse_servico\"><\/span>Venda de sucatas em S\u00e3o Paulo: saiba onde realizar esse servi\u00e7o<span class=\"ez-toc-section-end\"><\/span><\/h2>\n\n\n\n<p>Assim como em outros setores que abrangem o manuseio de min\u00e9rios, a venda de sucatas requer cuidado e, especialmente, um alto n\u00edvel de aten\u00e7\u00e3o e profissionalismo. Nesse contexto, h\u00e1 uma empresa que se sobressai pelo seu not\u00e1vel desempenho: a <a href=\"https:\/\/mggrupo.com.br\/\">MG Grupo.<\/a><\/p>\n\n\n\n<p>No mercado h\u00e1 mais de 40 anos, a <a href=\"https:\/\/mggrupo.com.br\/\">MG Grupo<\/a> re\u00fane as mais sofisticadas tecnologias da atualidade para o transporte, manuseio e triagem das sucatas.<\/p>\n\n\n\n<p>Apesar da sua s\u00f3lida base de clientes, a <a href=\"https:\/\/mggrupo.com.br\/\">MG Grupo<\/a> tem se dedicado continuamente para estar sempre \u00e0 frente das necessidades dos seus clientes.<\/p>\n\n\n\n<h2 class=\"wp-block-heading\"><span class=\"ez-toc-section\" id=\"Para_saber_mais_entre_em_contato_com_a_MG_Grupo\"><\/span>Para saber mais, entre em contato com a<strong> MG Grupo<\/strong>!<span class=\"ez-toc-section-end\"><\/span><\/h2>\n\n\n\n<p>Em caso de d\u00favidas sobre o hor\u00e1rio de funcionamento, coleta e valores do servi\u00e7o de venda de sucatas, <a href=\"https:\/\/wa.me\/5511982124797\">entre em contato<\/a> com a <a href=\"https:\/\/mggrupo.com.br\/\">MG Grup<\/a>o, o maior com\u00e9rcio de materiais ferrosos em S\u00e3o Bernardo do Campo.<\/p>\n\n\n<div class=\"wp-block-image is-style-default\">\n<figure class=\"aligncenter size-full is-resized\"><img loading=\"lazy\" decoding=\"async\" src=\"https:\/\/mggrupo.com.br\/blog\/wp-content\/uploads\/2023\/08\/como-vender-sucata-metalica.jpg\" alt=\"Como a venda de sucatas contribui para a preserva\u00e7\u00e3o do meio ambiente?\n\" class=\"wp-image-87\" width=\"480\" height=\"269\"\/><\/figure>\n<\/div>\n\n\n<p>Agora que voc\u00ea j\u00e1 sabe como a venda de sucatas contribui para a preserva\u00e7\u00e3o do meio ambiente, aproveite para conferir outros conte\u00fados em destaque no <a href=\"https:\/\/mggrupo.com.br\/blog\/\">blog da MG Grupo<\/a>:<\/p>\n\n\n\n<ul class=\"wp-block-list\">\n<li><a href=\"https:\/\/mggrupo.com.br\/blog\/acos-planos\/venda-de-chapas-de-aco-no-abc-paulista-conheca-a-mg-grupo\/\">Venda de chapas de a\u00e7o no ABC Paulista: conhe\u00e7a a MG Grupo<\/a><\/li>\n\n\n\n<li><a href=\"https:\/\/mggrupo.com.br\/blog\/sucatas-de-estamparia\/conheca-as-aplicacoes-da-sucata-de-estamparia-e-onde-compra-la\/\">Conhe\u00e7a as aplica\u00e7\u00f5es da sucata de estamparia e onde compr\u00e1-la<\/a><\/li>\n\n\n\n<li><a href=\"https:\/\/mggrupo.com.br\/blog\/comercio-de-bobinas-de-aco\/comercio-de-bobinas-de-aco-descubra-onde-encontrar-no-abc\/\">Com\u00e9rcio de bobinas de a\u00e7o: descubra onde encontrar no ABC<\/a><\/li>\n<\/ul>\n\n\n\n<p>N\u00e3o encontrou o que estava procurando? Deixe a sua mensagem no campo de coment\u00e1rios logo abaixo e, em breve, responderemos.<\/p>\n\n\n\n<p><strong>At\u00e9 a pr\u00f3xima!<\/strong><\/p>\n","protected":false},"excerpt":{"rendered":"<p><span class=\"rt-reading-time\" style=\"display: block;\"><span class=\"rt-label rt-prefix\">Tempo de leitura:<\/span> <span class=\"rt-time\">4<\/span> <span class=\"rt-label rt-postfix\">minutos<\/span><\/span> A venda de sucatas \u00e9 uma grande aliada no processo de preserva\u00e7\u00e3o ambiental, uma vez que, diminui a quantidade de res\u00edduos descartados no planeta. Todos os anos, milhares de toneladas de sucatas s\u00e3o descartadas de maneira incorreta no meio ambiente,&#8230;<\/p>\n","protected":false},"author":1,"featured_media":88,"comment_status":"open","ping_status":"open","sticky":false,"template":"","format":"standard","meta":{"footnotes":""},"categories":[1674],"tags":[1672,1668,1655,1651,1664,1659,1647,1673,1669,1656,1652,1665,1660,1648,1611,1612,1610,1609,195,1631,1632,1630,1629,220,1635,1636,1634,1633,225,1615,1616,1614,1613,200,1619,1620,1618,1617,205,1623,1624,1622,1621,210,1627,1628,1626,1625,215,1643,1644,1642,1641,235,1607,1608,1639,1640,1638,1637,230,1671,1667,1654,1650,1663,1658,1646,1670,1666,1653,1649,1661,1657,1645,270,265,250,245,1662,255,240],"class_list":["post-85","post","type-post","status-publish","format-standard","has-post-thumbnail","hentry","category-venda-de-sucatas","tag-compra-de-sucata-ferro-direto-da-fabrica","tag-compra-de-sucata-ferro-em-promocao","tag-compra-de-sucata-ferro-em-sao-paulo","tag-compra-de-sucata-ferro-em-sp","tag-compra-de-sucata-ferro-na-zona-leste","tag-compra-de-sucata-ferro-no-abc","tag-compra-de-sucata-ferro-preco","tag-compra-e-venda-de-sucata-de-ferro-direto-da-fabrica","tag-compra-e-venda-de-sucata-de-ferro-em-promocao","tag-compra-e-venda-de-sucata-de-ferro-em-sao-paulo","tag-compra-e-venda-de-sucata-de-ferro-em-sp","tag-compra-e-venda-de-sucata-de-ferro-na-zona-leste","tag-compra-e-venda-de-sucata-de-ferro-no-abc","tag-compra-e-venda-de-sucata-de-ferro-preco","tag-comprar-compra-de-sucata-ferro","tag-comprar-compra-e-venda-de-sucata-de-ferro","tag-comprar-sucata-de-ferro","tag-comprar-sucatas-de-ferro","tag-comprar-sucatas-ferrosas","tag-distribuidor-de-compra-de-sucata-ferro","tag-distribuidor-de-compra-e-venda-de-sucata-de-ferro","tag-distribuidor-de-sucata-de-ferro","tag-distribuidor-de-sucatas-de-ferro","tag-distribuidor-de-sucatas-ferrosas","tag-distribuidora-de-compra-de-sucata-ferro","tag-distribuidora-de-compra-e-venda-de-sucata-de-ferro","tag-distribuidora-de-sucata-de-ferro","tag-distribuidora-de-sucatas-de-ferro","tag-distribuidora-de-sucatas-ferrosas","tag-empresa-de-compra-de-sucata-ferro","tag-empresa-de-compra-e-venda-de-sucata-de-ferro","tag-empresa-de-sucata-de-ferro","tag-empresa-de-sucatas-de-ferro","tag-empresa-de-sucatas-ferrosas","tag-fabrica-de-compra-de-sucata-ferro","tag-fabrica-de-compra-e-venda-de-sucata-de-ferro","tag-fabrica-de-sucata-de-ferro","tag-fabrica-de-sucatas-de-ferro","tag-fabrica-de-sucatas-ferrosas","tag-fabricante-de-compra-de-sucata-ferro","tag-fabricante-de-compra-e-venda-de-sucata-de-ferro","tag-fabricante-de-sucata-de-ferro","tag-fabricante-de-sucatas-de-ferro","tag-fabricante-de-sucatas-ferrosas","tag-fornecedor-de-compra-de-sucata-ferro","tag-fornecedor-de-compra-e-venda-de-sucata-de-ferro","tag-fornecedor-de-sucata-de-ferro","tag-fornecedor-de-sucatas-de-ferro","tag-fornecedor-de-sucatas-ferrosas","tag-loja-de-compra-de-sucata-ferro","tag-loja-de-compra-e-venda-de-sucata-de-ferro","tag-loja-de-sucata-de-ferro","tag-loja-de-sucatas-de-ferro","tag-loja-de-sucatas-ferrosas","tag-onde-encontrar-compra-de-sucata-ferro","tag-onde-encontrar-compra-e-venda-de-sucata-de-ferro","tag-revendedor-de-compra-de-sucata-ferro","tag-revendedor-de-compra-e-venda-de-sucata-de-ferro","tag-revendedor-de-sucata-de-ferro","tag-revendedor-de-sucatas-de-ferro","tag-revendedor-de-sucatas-ferrosas","tag-sucata-de-ferro-direto-da-fabrica","tag-sucata-de-ferro-em-promocao","tag-sucata-de-ferro-em-sao-paulo","tag-sucata-de-ferro-em-sp","tag-sucata-de-ferro-na-zona-leste","tag-sucata-de-ferro-no-abc","tag-sucata-de-ferro-preco","tag-sucatas-de-ferro-direto-da-fabrica","tag-sucatas-de-ferro-em-promocao","tag-sucatas-de-ferro-em-sao-paulo","tag-sucatas-de-ferro-em-sp","tag-sucatas-de-ferro-na-zona-leste","tag-sucatas-de-ferro-no-abc","tag-sucatas-de-ferro-preco","tag-sucatas-ferrosas-direto-da-fabrica","tag-sucatas-ferrosas-em-promocao","tag-sucatas-ferrosas-em-sao-paulo","tag-sucatas-ferrosas-em-sp","tag-sucatas-ferrosas-na-zona-leste","tag-sucatas-ferrosas-no-abc","tag-sucatas-ferrosas-preco"],"yoast_head":"<!-- This site is optimized with the Yoast SEO plugin v20.6 - https:\/\/yoast.com\/wordpress\/plugins\/seo\/ -->\n<title>Como a venda de sucatas contribui para a preserva\u00e7\u00e3o do meio ambiente? - MG Grupo<\/title>\n<meta name=\"description\" content=\"A venda de sucatas \u00e9 uma grande aliada no processo de preserva\u00e7\u00e3o ambiental, uma vez que, diminui a quantidade de res\u00edduos descartados no planeta.\" \/>\n<meta name=\"robots\" content=\"index, follow, max-snippet:-1, max-image-preview:large, max-video-preview:-1\" \/>\n<link rel=\"canonical\" href=\"https:\/\/www.mggrupo.com.br\/blog\/venda-de-sucatas\/como-a-venda-de-sucatas-contribui-para-a-preservacao-do-meio-ambiente\/\" \/>\n<meta property=\"og:locale\" content=\"pt_BR\" \/>\n<meta property=\"og:type\" content=\"article\" \/>\n<meta property=\"og:title\" content=\"Como a venda de sucatas contribui para a preserva\u00e7\u00e3o do meio ambiente? - MG Grupo\" \/>\n<meta property=\"og:description\" content=\"A venda de sucatas \u00e9 uma grande aliada no processo de preserva\u00e7\u00e3o ambiental, uma vez que, diminui a quantidade de res\u00edduos descartados no planeta.\" \/>\n<meta property=\"og:url\" content=\"https:\/\/www.mggrupo.com.br\/blog\/venda-de-sucatas\/como-a-venda-de-sucatas-contribui-para-a-preservacao-do-meio-ambiente\/\" \/>\n<meta property=\"og:site_name\" content=\"MG Grupo\" \/>\n<meta property=\"article:published_time\" content=\"2023-08-03T17:23:41+00:00\" \/>\n<meta property=\"article:modified_time\" content=\"2023-08-03T17:24:00+00:00\" \/>\n<meta property=\"og:image\" content=\"https:\/\/www.mggrupo.com.br\/blog\/wp-content\/uploads\/2023\/08\/compra-e-venda-de-sucatas-em-Osasco-1.jpg\" \/>\n\t<meta property=\"og:image:width\" content=\"600\" \/>\n\t<meta property=\"og:image:height\" content=\"450\" \/>\n\t<meta property=\"og:image:type\" content=\"image\/jpeg\" \/>\n<meta name=\"author\" content=\"admin\" \/>\n<meta name=\"twitter:card\" content=\"summary_large_image\" \/>\n<meta name=\"twitter:label1\" content=\"Escrito por\" \/>\n\t<meta name=\"twitter:data1\" content=\"admin\" \/>\n\t<meta name=\"twitter:label2\" content=\"Est. tempo de leitura\" \/>\n\t<meta name=\"twitter:data2\" content=\"4 minutos\" \/>\n<script type=\"application\/ld+json\" class=\"yoast-schema-graph\">{\"@context\":\"https:\/\/schema.org\",\"@graph\":[{\"@type\":\"Article\",\"@id\":\"https:\/\/www.mggrupo.com.br\/blog\/venda-de-sucatas\/como-a-venda-de-sucatas-contribui-para-a-preservacao-do-meio-ambiente\/#article\",\"isPartOf\":{\"@id\":\"https:\/\/www.mggrupo.com.br\/blog\/venda-de-sucatas\/como-a-venda-de-sucatas-contribui-para-a-preservacao-do-meio-ambiente\/\"},\"author\":{\"name\":\"admin\",\"@id\":\"https:\/\/www.mggrupo.com.br\/blog\/#\/schema\/person\/1ac8553a9219b663fcb271a2e955e071\"},\"headline\":\"Como a venda de sucatas contribui para a preserva\u00e7\u00e3o do meio ambiente?\",\"datePublished\":\"2023-08-03T17:23:41+00:00\",\"dateModified\":\"2023-08-03T17:24:00+00:00\",\"mainEntityOfPage\":{\"@id\":\"https:\/\/www.mggrupo.com.br\/blog\/venda-de-sucatas\/como-a-venda-de-sucatas-contribui-para-a-preservacao-do-meio-ambiente\/\"},\"wordCount\":597,\"commentCount\":0,\"publisher\":{\"@id\":\"https:\/\/www.mggrupo.com.br\/blog\/#organization\"},\"keywords\":[\"Compra de sucata ferro direto da fabrica\",\"Compra de sucata ferro em promo\u00e7\u00e3o\",\"Compra de sucata ferro em s\u00e3o paulo\",\"Compra de sucata ferro em sp\",\"Compra de sucata ferro na Zona Leste\",\"Compra de sucata ferro no ABC\",\"Compra de sucata ferro pre\u00e7o\",\"Compra e venda de sucata de ferro direto da fabrica\",\"Compra e venda de sucata de ferro em promo\u00e7\u00e3o\",\"Compra e venda de sucata de ferro em s\u00e3o paulo\",\"Compra e venda de sucata de ferro em sp\",\"Compra e venda de sucata de ferro na Zona Leste\",\"Compra e venda de sucata de ferro no ABC\",\"Compra e venda de sucata de ferro pre\u00e7o\",\"comprar Compra de sucata ferro\",\"comprar Compra e venda de sucata de ferro\",\"comprar Sucata de ferro\",\"comprar Sucatas de ferro\",\"comprar Sucatas ferrosas\",\"distribuidor de Compra de sucata ferro\",\"distribuidor de Compra e venda de sucata de ferro\",\"distribuidor de Sucata de ferro\",\"distribuidor de Sucatas de ferro\",\"distribuidor de Sucatas ferrosas\",\"distribuidora de Compra de sucata ferro\",\"distribuidora de Compra e venda de sucata de ferro\",\"distribuidora de Sucata de ferro\",\"distribuidora de Sucatas de ferro\",\"distribuidora de Sucatas ferrosas\",\"empresa de Compra de sucata ferro\",\"empresa de Compra e venda de sucata de ferro\",\"empresa de Sucata de ferro\",\"empresa de Sucatas de ferro\",\"empresa de Sucatas ferrosas\",\"f\u00e1brica de Compra de sucata ferro\",\"f\u00e1brica de Compra e venda de sucata de ferro\",\"f\u00e1brica de Sucata de ferro\",\"f\u00e1brica de Sucatas de ferro\",\"f\u00e1brica de Sucatas ferrosas\",\"fabricante de Compra de sucata ferro\",\"fabricante de Compra e venda de sucata de ferro\",\"fabricante de Sucata de ferro\",\"fabricante de Sucatas de ferro\",\"fabricante de Sucatas ferrosas\",\"fornecedor de Compra de sucata ferro\",\"fornecedor de Compra e venda de sucata de ferro\",\"fornecedor de Sucata de ferro\",\"fornecedor de Sucatas de ferro\",\"fornecedor de Sucatas ferrosas\",\"loja de Compra de sucata ferro\",\"loja de Compra e venda de sucata de ferro\",\"loja de Sucata de ferro\",\"loja de Sucatas de ferro\",\"loja de Sucatas ferrosas\",\"onde encontrar Compra de sucata ferro\",\"onde encontrar Compra e venda de sucata de ferro\",\"revendedor de Compra de sucata ferro\",\"revendedor de Compra e venda de sucata de ferro\",\"revendedor de Sucata de ferro\",\"revendedor de Sucatas de ferro\",\"revendedor de Sucatas ferrosas\",\"Sucata de ferro direto da fabrica\",\"Sucata de ferro em promo\u00e7\u00e3o\",\"Sucata de ferro em s\u00e3o paulo\",\"Sucata de ferro em sp\",\"Sucata de ferro na Zona Leste\",\"Sucata de ferro no ABC\",\"Sucata de ferro pre\u00e7o\",\"Sucatas de ferro direto da fabrica\",\"Sucatas de ferro em promo\u00e7\u00e3o\",\"Sucatas de ferro em s\u00e3o paulo\",\"Sucatas de ferro em sp\",\"Sucatas de ferro na Zona Leste\",\"Sucatas de ferro no ABC\",\"Sucatas de ferro pre\u00e7o\",\"Sucatas ferrosas direto da fabrica\",\"Sucatas ferrosas em promo\u00e7\u00e3o\",\"Sucatas ferrosas em s\u00e3o paulo\",\"Sucatas ferrosas em sp\",\"Sucatas ferrosas na Zona Leste\",\"Sucatas ferrosas No ABC\",\"Sucatas ferrosas pre\u00e7o\"],\"articleSection\":[\"Venda de sucatas\"],\"inLanguage\":\"pt-BR\",\"potentialAction\":[{\"@type\":\"CommentAction\",\"name\":\"Comment\",\"target\":[\"https:\/\/www.mggrupo.com.br\/blog\/venda-de-sucatas\/como-a-venda-de-sucatas-contribui-para-a-preservacao-do-meio-ambiente\/#respond\"]}]},{\"@type\":\"WebPage\",\"@id\":\"https:\/\/www.mggrupo.com.br\/blog\/venda-de-sucatas\/como-a-venda-de-sucatas-contribui-para-a-preservacao-do-meio-ambiente\/\",\"url\":\"https:\/\/www.mggrupo.com.br\/blog\/venda-de-sucatas\/como-a-venda-de-sucatas-contribui-para-a-preservacao-do-meio-ambiente\/\",\"name\":\"Como a venda de sucatas contribui para a preserva\u00e7\u00e3o do meio ambiente? - MG Grupo\",\"isPartOf\":{\"@id\":\"https:\/\/www.mggrupo.com.br\/blog\/#website\"},\"datePublished\":\"2023-08-03T17:23:41+00:00\",\"dateModified\":\"2023-08-03T17:24:00+00:00\",\"description\":\"A venda de sucatas \u00e9 uma grande aliada no processo de preserva\u00e7\u00e3o ambiental, uma vez que, diminui a quantidade de res\u00edduos descartados no planeta.\",\"breadcrumb\":{\"@id\":\"https:\/\/www.mggrupo.com.br\/blog\/venda-de-sucatas\/como-a-venda-de-sucatas-contribui-para-a-preservacao-do-meio-ambiente\/#breadcrumb\"},\"inLanguage\":\"pt-BR\",\"potentialAction\":[{\"@type\":\"ReadAction\",\"target\":[\"https:\/\/www.mggrupo.com.br\/blog\/venda-de-sucatas\/como-a-venda-de-sucatas-contribui-para-a-preservacao-do-meio-ambiente\/\"]}]},{\"@type\":\"BreadcrumbList\",\"@id\":\"https:\/\/www.mggrupo.com.br\/blog\/venda-de-sucatas\/como-a-venda-de-sucatas-contribui-para-a-preservacao-do-meio-ambiente\/#breadcrumb\",\"itemListElement\":[{\"@type\":\"ListItem\",\"position\":1,\"name\":\"In\u00edcio\",\"item\":\"https:\/\/www.mggrupo.com.br\/blog\/\"},{\"@type\":\"ListItem\",\"position\":2,\"name\":\"Como a venda de sucatas contribui para a preserva\u00e7\u00e3o do meio ambiente?\"}]},{\"@type\":\"WebSite\",\"@id\":\"https:\/\/www.mggrupo.com.br\/blog\/#website\",\"url\":\"https:\/\/www.mggrupo.com.br\/blog\/\",\"name\":\"MG Grupo\",\"description\":\"Blog MG Grupo\",\"publisher\":{\"@id\":\"https:\/\/www.mggrupo.com.br\/blog\/#organization\"},\"potentialAction\":[{\"@type\":\"SearchAction\",\"target\":{\"@type\":\"EntryPoint\",\"urlTemplate\":\"https:\/\/www.mggrupo.com.br\/blog\/?s={search_term_string}\"},\"query-input\":\"required name=search_term_string\"}],\"inLanguage\":\"pt-BR\"},{\"@type\":\"Organization\",\"@id\":\"https:\/\/www.mggrupo.com.br\/blog\/#organization\",\"name\":\"MG Grupo\",\"url\":\"https:\/\/www.mggrupo.com.br\/blog\/\",\"logo\":{\"@type\":\"ImageObject\",\"inLanguage\":\"pt-BR\",\"@id\":\"https:\/\/www.mggrupo.com.br\/blog\/#\/schema\/logo\/image\/\",\"url\":\"https:\/\/www.mggrupo.com.br\/blog\/wp-content\/uploads\/2023\/04\/brand.png\",\"contentUrl\":\"https:\/\/www.mggrupo.com.br\/blog\/wp-content\/uploads\/2023\/04\/brand.png\",\"width\":297,\"height\":51,\"caption\":\"MG Grupo\"},\"image\":{\"@id\":\"https:\/\/www.mggrupo.com.br\/blog\/#\/schema\/logo\/image\/\"}},{\"@type\":\"Person\",\"@id\":\"https:\/\/www.mggrupo.com.br\/blog\/#\/schema\/person\/1ac8553a9219b663fcb271a2e955e071\",\"name\":\"admin\",\"image\":{\"@type\":\"ImageObject\",\"inLanguage\":\"pt-BR\",\"@id\":\"https:\/\/www.mggrupo.com.br\/blog\/#\/schema\/person\/image\/\",\"url\":\"https:\/\/secure.gravatar.com\/avatar\/3813f53848958b8842eeafda91666185a90010f65ed554379b78794cde6f234a?s=96&d=mm&r=g\",\"contentUrl\":\"https:\/\/secure.gravatar.com\/avatar\/3813f53848958b8842eeafda91666185a90010f65ed554379b78794cde6f234a?s=96&d=mm&r=g\",\"caption\":\"admin\"},\"sameAs\":[\"https:\/\/mggrupo.com.br\/blog\"],\"url\":\"https:\/\/www.mggrupo.com.br\/blog\/author\/admin\/\"}]}<\/script>\n<!-- \/ Yoast SEO plugin. -->","yoast_head_json":{"title":"Como a venda de sucatas contribui para a preserva\u00e7\u00e3o do meio ambiente? - MG Grupo","description":"A venda de sucatas \u00e9 uma grande aliada no processo de preserva\u00e7\u00e3o ambiental, uma vez que, diminui a quantidade de res\u00edduos descartados no planeta.","robots":{"index":"index","follow":"follow","max-snippet":"max-snippet:-1","max-image-preview":"max-image-preview:large","max-video-preview":"max-video-preview:-1"},"canonical":"https:\/\/www.mggrupo.com.br\/blog\/venda-de-sucatas\/como-a-venda-de-sucatas-contribui-para-a-preservacao-do-meio-ambiente\/","og_locale":"pt_BR","og_type":"article","og_title":"Como a venda de sucatas contribui para a preserva\u00e7\u00e3o do meio ambiente? - MG Grupo","og_description":"A venda de sucatas \u00e9 uma grande aliada no processo de preserva\u00e7\u00e3o ambiental, uma vez que, diminui a quantidade de res\u00edduos descartados no planeta.","og_url":"https:\/\/www.mggrupo.com.br\/blog\/venda-de-sucatas\/como-a-venda-de-sucatas-contribui-para-a-preservacao-do-meio-ambiente\/","og_site_name":"MG Grupo","article_published_time":"2023-08-03T17:23:41+00:00","article_modified_time":"2023-08-03T17:24:00+00:00","og_image":[{"width":600,"height":450,"url":"https:\/\/www.mggrupo.com.br\/blog\/wp-content\/uploads\/2023\/08\/compra-e-venda-de-sucatas-em-Osasco-1.jpg","type":"image\/jpeg"}],"author":"admin","twitter_card":"summary_large_image","twitter_misc":{"Escrito por":"admin","Est. tempo de leitura":"4 minutos"},"schema":{"@context":"https:\/\/schema.org","@graph":[{"@type":"Article","@id":"https:\/\/www.mggrupo.com.br\/blog\/venda-de-sucatas\/como-a-venda-de-sucatas-contribui-para-a-preservacao-do-meio-ambiente\/#article","isPartOf":{"@id":"https:\/\/www.mggrupo.com.br\/blog\/venda-de-sucatas\/como-a-venda-de-sucatas-contribui-para-a-preservacao-do-meio-ambiente\/"},"author":{"name":"admin","@id":"https:\/\/www.mggrupo.com.br\/blog\/#\/schema\/person\/1ac8553a9219b663fcb271a2e955e071"},"headline":"Como a venda de sucatas contribui para a preserva\u00e7\u00e3o do meio ambiente?","datePublished":"2023-08-03T17:23:41+00:00","dateModified":"2023-08-03T17:24:00+00:00","mainEntityOfPage":{"@id":"https:\/\/www.mggrupo.com.br\/blog\/venda-de-sucatas\/como-a-venda-de-sucatas-contribui-para-a-preservacao-do-meio-ambiente\/"},"wordCount":597,"commentCount":0,"publisher":{"@id":"https:\/\/www.mggrupo.com.br\/blog\/#organization"},"keywords":["Compra de sucata ferro direto da fabrica","Compra de sucata ferro em promo\u00e7\u00e3o","Compra de sucata ferro em s\u00e3o paulo","Compra de sucata ferro em sp","Compra de sucata ferro na Zona Leste","Compra de sucata ferro no ABC","Compra de sucata ferro pre\u00e7o","Compra e venda de sucata de ferro direto da fabrica","Compra e venda de sucata de ferro em promo\u00e7\u00e3o","Compra e venda de sucata de ferro em s\u00e3o paulo","Compra e venda de sucata de ferro em sp","Compra e venda de sucata de ferro na Zona Leste","Compra e venda de sucata de ferro no ABC","Compra e venda de sucata de ferro pre\u00e7o","comprar Compra de sucata ferro","comprar Compra e venda de sucata de ferro","comprar Sucata de ferro","comprar Sucatas de ferro","comprar Sucatas ferrosas","distribuidor de Compra de sucata ferro","distribuidor de Compra e venda de sucata de ferro","distribuidor de Sucata de ferro","distribuidor de Sucatas de ferro","distribuidor de Sucatas ferrosas","distribuidora de Compra de sucata ferro","distribuidora de Compra e venda de sucata de ferro","distribuidora de Sucata de ferro","distribuidora de Sucatas de ferro","distribuidora de Sucatas ferrosas","empresa de Compra de sucata ferro","empresa de Compra e venda de sucata de ferro","empresa de Sucata de ferro","empresa de Sucatas de ferro","empresa de Sucatas ferrosas","f\u00e1brica de Compra de sucata ferro","f\u00e1brica de Compra e venda de sucata de ferro","f\u00e1brica de Sucata de ferro","f\u00e1brica de Sucatas de ferro","f\u00e1brica de Sucatas ferrosas","fabricante de Compra de sucata ferro","fabricante de Compra e venda de sucata de ferro","fabricante de Sucata de ferro","fabricante de Sucatas de ferro","fabricante de Sucatas ferrosas","fornecedor de Compra de sucata ferro","fornecedor de Compra e venda de sucata de ferro","fornecedor de Sucata de ferro","fornecedor de Sucatas de ferro","fornecedor de Sucatas ferrosas","loja de Compra de sucata ferro","loja de Compra e venda de sucata de ferro","loja de Sucata de ferro","loja de Sucatas de ferro","loja de Sucatas ferrosas","onde encontrar Compra de sucata ferro","onde encontrar Compra e venda de sucata de ferro","revendedor de Compra de sucata ferro","revendedor de Compra e venda de sucata de ferro","revendedor de Sucata de ferro","revendedor de Sucatas de ferro","revendedor de Sucatas ferrosas","Sucata de ferro direto da fabrica","Sucata de ferro em promo\u00e7\u00e3o","Sucata de ferro em s\u00e3o paulo","Sucata de ferro em sp","Sucata de ferro na Zona Leste","Sucata de ferro no ABC","Sucata de ferro pre\u00e7o","Sucatas de ferro direto da fabrica","Sucatas de ferro em promo\u00e7\u00e3o","Sucatas de ferro em s\u00e3o paulo","Sucatas de ferro em sp","Sucatas de ferro na Zona Leste","Sucatas de ferro no ABC","Sucatas de ferro pre\u00e7o","Sucatas ferrosas direto da fabrica","Sucatas ferrosas em promo\u00e7\u00e3o","Sucatas ferrosas em s\u00e3o paulo","Sucatas ferrosas em sp","Sucatas ferrosas na Zona Leste","Sucatas ferrosas No ABC","Sucatas ferrosas pre\u00e7o"],"articleSection":["Venda de sucatas"],"inLanguage":"pt-BR","potentialAction":[{"@type":"CommentAction","name":"Comment","target":["https:\/\/www.mggrupo.com.br\/blog\/venda-de-sucatas\/como-a-venda-de-sucatas-contribui-para-a-preservacao-do-meio-ambiente\/#respond"]}]},{"@type":"WebPage","@id":"https:\/\/www.mggrupo.com.br\/blog\/venda-de-sucatas\/como-a-venda-de-sucatas-contribui-para-a-preservacao-do-meio-ambiente\/","url":"https:\/\/www.mggrupo.com.br\/blog\/venda-de-sucatas\/como-a-venda-de-sucatas-contribui-para-a-preservacao-do-meio-ambiente\/","name":"Como a venda de sucatas contribui para a preserva\u00e7\u00e3o do meio ambiente? - MG Grupo","isPartOf":{"@id":"https:\/\/www.mggrupo.com.br\/blog\/#website"},"datePublished":"2023-08-03T17:23:41+00:00","dateModified":"2023-08-03T17:24:00+00:00","description":"A venda de sucatas \u00e9 uma grande aliada no processo de preserva\u00e7\u00e3o ambiental, uma vez que, diminui a quantidade de res\u00edduos descartados no planeta.","breadcrumb":{"@id":"https:\/\/www.mggrupo.com.br\/blog\/venda-de-sucatas\/como-a-venda-de-sucatas-contribui-para-a-preservacao-do-meio-ambiente\/#breadcrumb"},"inLanguage":"pt-BR","potentialAction":[{"@type":"ReadAction","target":["https:\/\/www.mggrupo.com.br\/blog\/venda-de-sucatas\/como-a-venda-de-sucatas-contribui-para-a-preservacao-do-meio-ambiente\/"]}]},{"@type":"BreadcrumbList","@id":"https:\/\/www.mggrupo.com.br\/blog\/venda-de-sucatas\/como-a-venda-de-sucatas-contribui-para-a-preservacao-do-meio-ambiente\/#breadcrumb","itemListElement":[{"@type":"ListItem","position":1,"name":"In\u00edcio","item":"https:\/\/www.mggrupo.com.br\/blog\/"},{"@type":"ListItem","position":2,"name":"Como a venda de sucatas contribui para a preserva\u00e7\u00e3o do meio ambiente?"}]},{"@type":"WebSite","@id":"https:\/\/www.mggrupo.com.br\/blog\/#website","url":"https:\/\/www.mggrupo.com.br\/blog\/","name":"MG Grupo","description":"Blog MG Grupo","publisher":{"@id":"https:\/\/www.mggrupo.com.br\/blog\/#organization"},"potentialAction":[{"@type":"SearchAction","target":{"@type":"EntryPoint","urlTemplate":"https:\/\/www.mggrupo.com.br\/blog\/?s={search_term_string}"},"query-input":"required name=search_term_string"}],"inLanguage":"pt-BR"},{"@type":"Organization","@id":"https:\/\/www.mggrupo.com.br\/blog\/#organization","name":"MG Grupo","url":"https:\/\/www.mggrupo.com.br\/blog\/","logo":{"@type":"ImageObject","inLanguage":"pt-BR","@id":"https:\/\/www.mggrupo.com.br\/blog\/#\/schema\/logo\/image\/","url":"https:\/\/www.mggrupo.com.br\/blog\/wp-content\/uploads\/2023\/04\/brand.png","contentUrl":"https:\/\/www.mggrupo.com.br\/blog\/wp-content\/uploads\/2023\/04\/brand.png","width":297,"height":51,"caption":"MG Grupo"},"image":{"@id":"https:\/\/www.mggrupo.com.br\/blog\/#\/schema\/logo\/image\/"}},{"@type":"Person","@id":"https:\/\/www.mggrupo.com.br\/blog\/#\/schema\/person\/1ac8553a9219b663fcb271a2e955e071","name":"admin","image":{"@type":"ImageObject","inLanguage":"pt-BR","@id":"https:\/\/www.mggrupo.com.br\/blog\/#\/schema\/person\/image\/","url":"https:\/\/secure.gravatar.com\/avatar\/3813f53848958b8842eeafda91666185a90010f65ed554379b78794cde6f234a?s=96&d=mm&r=g","contentUrl":"https:\/\/secure.gravatar.com\/avatar\/3813f53848958b8842eeafda91666185a90010f65ed554379b78794cde6f234a?s=96&d=mm&r=g","caption":"admin"},"sameAs":["https:\/\/mggrupo.com.br\/blog"],"url":"https:\/\/www.mggrupo.com.br\/blog\/author\/admin\/"}]}},"_links":{"self":[{"href":"https:\/\/www.mggrupo.com.br\/blog\/wp-json\/wp\/v2\/posts\/85","targetHints":{"allow":["GET"]}}],"collection":[{"href":"https:\/\/www.mggrupo.com.br\/blog\/wp-json\/wp\/v2\/posts"}],"about":[{"href":"https:\/\/www.mggrupo.com.br\/blog\/wp-json\/wp\/v2\/types\/post"}],"author":[{"embeddable":true,"href":"https:\/\/www.mggrupo.com.br\/blog\/wp-json\/wp\/v2\/users\/1"}],"replies":[{"embeddable":true,"href":"https:\/\/www.mggrupo.com.br\/blog\/wp-json\/wp\/v2\/comments?post=85"}],"version-history":[{"count":1,"href":"https:\/\/www.mggrupo.com.br\/blog\/wp-json\/wp\/v2\/posts\/85\/revisions"}],"predecessor-version":[{"id":89,"href":"https:\/\/www.mggrupo.com.br\/blog\/wp-json\/wp\/v2\/posts\/85\/revisions\/89"}],"wp:featuredmedia":[{"embeddable":true,"href":"https:\/\/www.mggrupo.com.br\/blog\/wp-json\/wp\/v2\/media\/88"}],"wp:attachment":[{"href":"https:\/\/www.mggrupo.com.br\/blog\/wp-json\/wp\/v2\/media?parent=85"}],"wp:term":[{"taxonomy":"category","embeddable":true,"href":"https:\/\/www.mggrupo.com.br\/blog\/wp-json\/wp\/v2\/categories?post=85"},{"taxonomy":"post_tag","embeddable":true,"href":"https:\/\/www.mggrupo.com.br\/blog\/wp-json\/wp\/v2\/tags?post=85"}],"curies":[{"name":"wp","href":"https:\/\/api.w.org\/{rel}","templated":true}]}}